{"id":320,"date":"2016-05-13T11:04:59","date_gmt":"2016-05-13T09:04:59","guid":{"rendered":"https:\/\/iesoreynodenavarra.educacion.navarra.es\/web1\/blog\/2016\/05\/13\/viaje-a-madrid-3\/"},"modified":"2016-05-13T11:04:59","modified_gmt":"2016-05-13T09:04:59","slug":"viaje-a-madrid-3","status":"publish","type":"post","link":"https:\/\/iesoreynodenavarra.educacion.navarra.es\/web1\/blog\/viaje-a-madrid-3\/","title":{"rendered":"Viaje a Madrid"},"content":{"rendered":"<div style=\"text-align: justify;\">Los pasados 9 y 10 de Mayo, los alumnos y alumnas de 3\u00ba, viajaron a Madrid para participar en la lectura de los Derechos Humanos, en el Congreso de los Diputados. Aprovecharon para visitar tambi\u00e9n el Palacio Real y el estadio Santiago Bernab\u00e9u. El d\u00eda 10, nos juntamos en el parque del Retiro con <a href=\"mailto:alum@s\">alum@s<\/a>&nbsp;de 1\u00ba y 2\u00ba y, despu\u00e9s de remar un ratito en el lago, fuimos al Museo del Prado para hacer una visita dinamizada muy interesante.<\/div>\n<div style=\"text-align: justify;\"><img loading=\"lazy\" class=\" size-full wp-image-317\" src=\"https:\/\/iesoreynodenavarra.educacion.navarra.es\/web1\/wp-content\/uploads\/2016\/05\/madrid3web.jpg\" width=\"500\" height=\"373\" srcset=\"https:\/\/iesoreynodenavarra.educacion.navarra.es\/web1\/wp-content\/uploads\/2016\/05\/madrid3web.jpg 3228w, https:\/\/iesoreynodenavarra.educacion.navarra.es\/web1\/wp-content\/uploads\/2016\/05\/madrid3web-300x224.jpg 300w, https:\/\/iesoreynodenavarra.educacion.navarra.es\/web1\/wp-content\/uploads\/2016\/05\/madrid3web-768x573.jpg 768w, https:\/\/iesoreynodenavarra.educacion.navarra.es\/web1\/wp-content\/uploads\/2016\/05\/madrid3web-1024x764.jpg 1024w\" sizes=\"(max-width: 500px) 100vw, 500px\" \/><\/div>\n<div style=\"text-align: justify;\"><img loading=\"lazy\" class=\" size-full wp-image-318\" src=\"https:\/\/iesoreynodenavarra.educacion.navarra.es\/web1\/wp-content\/uploads\/2016\/05\/madrid2web.jpg\" width=\"500\" height=\"555\" srcset=\"https:\/\/iesoreynodenavarra.educacion.navarra.es\/web1\/wp-content\/uploads\/2016\/05\/madrid2web.jpg 2208w, https:\/\/iesoreynodenavarra.educacion.navarra.es\/web1\/wp-content\/uploads\/2016\/05\/madrid2web-270x300.jpg 270w, https:\/\/iesoreynodenavarra.educacion.navarra.es\/web1\/wp-content\/uploads\/2016\/05\/madrid2web-768x853.jpg 768w, https:\/\/iesoreynodenavarra.educacion.navarra.es\/web1\/wp-content\/uploads\/2016\/05\/madrid2web-922x1024.jpg 922w\" sizes=\"(max-width: 500px) 100vw, 500px\" \/><\/div>\n<div style=\"text-align: justify;\"><img loading=\"lazy\" class=\" size-full wp-image-319\" src=\"https:\/\/iesoreynodenavarra.educacion.navarra.es\/web1\/wp-content\/uploads\/2016\/05\/madrid1web.jpg\" width=\"500\" height=\"327\" srcset=\"https:\/\/iesoreynodenavarra.educacion.navarra.es\/web1\/wp-content\/uploads\/2016\/05\/madrid1web.jpg 3480w, https:\/\/iesoreynodenavarra.educacion.navarra.es\/web1\/wp-content\/uploads\/2016\/05\/madrid1web-300x196.jpg 300w, https:\/\/iesoreynodenavarra.educacion.navarra.es\/web1\/wp-content\/uploads\/2016\/05\/madrid1web-768x502.jpg 768w, https:\/\/iesoreynodenavarra.educacion.navarra.es\/web1\/wp-content\/uploads\/2016\/05\/madrid1web-1024x670.jpg 1024w\" sizes=\"(max-width: 500px) 100vw, 500px\" \/><\/div>\n","protected":false},"excerpt":{"rendered":"<p>Los pasados 9 y 10 de Mayo, los alumnos y alumnas de 3\u00ba, viajaron a Madrid para participar en la lectura de los Derechos Humanos, en el Congreso de los Diputados. Aprovecharon para visitar tambi\u00e9n el Palacio Real y el estadio Santiago Bernab\u00e9u. El d\u00eda 10, nos juntamos en el parque del Retiro con alum@s&nbsp;de &hellip; <a href=\"https:\/\/iesoreynodenavarra.educacion.navarra.es\/web1\/blog\/viaje-a-madrid-3\/\" class=\"more-link\">Seguir leyendo <span class=\"screen-reader-text\">Viaje a Madrid<\/span> <span class=\"meta-nav\">&rarr;<\/span><\/a><\/p>\n","protected":false},"author":2,"featured_media":317,"comment_status":"open","ping_status":"open","sticky":false,"template":"","format":"standard","meta":[],"categories":[1],"tags":[],"_links":{"self":[{"href":"https:\/\/iesoreynodenavarra.educacion.navarra.es\/web1\/wp-json\/wp\/v2\/posts\/320"}],"collection":[{"href":"https:\/\/iesoreynodenavarra.educacion.navarra.es\/web1\/wp-json\/wp\/v2\/posts"}],"about":[{"href":"https:\/\/iesoreynodenavarra.educacion.navarra.es\/web1\/wp-json\/wp\/v2\/types\/post"}],"author":[{"embeddable":true,"href":"https:\/\/iesoreynodenavarra.educacion.navarra.es\/web1\/wp-json\/wp\/v2\/users\/2"}],"replies":[{"embeddable":true,"href":"https:\/\/iesoreynodenavarra.educacion.navarra.es\/web1\/wp-json\/wp\/v2\/comments?post=320"}],"version-history":[{"count":0,"href":"https:\/\/iesoreynodenavarra.educacion.navarra.es\/web1\/wp-json\/wp\/v2\/posts\/320\/revisions"}],"wp:featuredmedia":[{"embeddable":true,"href":"https:\/\/iesoreynodenavarra.educacion.navarra.es\/web1\/wp-json\/wp\/v2\/media\/317"}],"wp:attachment":[{"href":"https:\/\/iesoreynodenavarra.educacion.navarra.es\/web1\/wp-json\/wp\/v2\/media?parent=320"}],"wp:term":[{"taxonomy":"category","embeddable":true,"href":"https:\/\/iesoreynodenavarra.educacion.navarra.es\/web1\/wp-json\/wp\/v2\/categories?post=320"},{"taxonomy":"post_tag","embeddable":true,"href":"https:\/\/iesoreynodenavarra.educacion.navarra.es\/web1\/wp-json\/wp\/v2\/tags?post=320"}],"curies":[{"name":"wp","href":"https:\/\/api.w.org\/{rel}","templated":true}]}}