{"id":309,"date":"2016-03-09T11:21:37","date_gmt":"2016-03-09T10:21:37","guid":{"rendered":"https:\/\/iesoreynodenavarra.educacion.navarra.es\/web1\/blog\/2016\/03\/09\/alfombra-de-sierpinski\/"},"modified":"2016-03-09T11:21:37","modified_gmt":"2016-03-09T10:21:37","slug":"alfombra-de-sierpinski","status":"publish","type":"post","link":"https:\/\/iesoreynodenavarra.educacion.navarra.es\/web1\/blog\/alfombra-de-sierpinski\/","title":{"rendered":"Alfombra de Sierpinski"},"content":{"rendered":"<div><img loading=\"lazy\" class=\" size-full wp-image-307\" src=\"https:\/\/iesoreynodenavarra.educacion.navarra.es\/web1\/wp-content\/uploads\/2016\/03\/sierpinskiweb.jpg\" width=\"500\" height=\"650\" srcset=\"https:\/\/iesoreynodenavarra.educacion.navarra.es\/web1\/wp-content\/uploads\/2016\/03\/sierpinskiweb.jpg 2022w, https:\/\/iesoreynodenavarra.educacion.navarra.es\/web1\/wp-content\/uploads\/2016\/03\/sierpinskiweb-231x300.jpg 231w, https:\/\/iesoreynodenavarra.educacion.navarra.es\/web1\/wp-content\/uploads\/2016\/03\/sierpinskiweb-768x998.jpg 768w, https:\/\/iesoreynodenavarra.educacion.navarra.es\/web1\/wp-content\/uploads\/2016\/03\/sierpinskiweb-788x1024.jpg 788w\" sizes=\"(max-width: 500px) 100vw, 500px\" \/><\/div>\n<div>&nbsp;<\/div>\n<div><img loading=\"lazy\" class=\" size-full wp-image-308\" src=\"https:\/\/iesoreynodenavarra.educacion.navarra.es\/web1\/wp-content\/uploads\/2016\/03\/sierpinskiweb1.jpg\" width=\"500\" height=\"333\" srcset=\"https:\/\/iesoreynodenavarra.educacion.navarra.es\/web1\/wp-content\/uploads\/2016\/03\/sierpinskiweb1.jpg 3888w, https:\/\/iesoreynodenavarra.educacion.navarra.es\/web1\/wp-content\/uploads\/2016\/03\/sierpinskiweb1-300x200.jpg 300w, https:\/\/iesoreynodenavarra.educacion.navarra.es\/web1\/wp-content\/uploads\/2016\/03\/sierpinskiweb1-768x512.jpg 768w, https:\/\/iesoreynodenavarra.educacion.navarra.es\/web1\/wp-content\/uploads\/2016\/03\/sierpinskiweb1-1024x683.jpg 1024w\" sizes=\"(max-width: 500px) 100vw, 500px\" \/><\/div>\n<div style=\"text-align: justify;\">&nbsp;<\/div>\n<div style=\"text-align: justify;\">El pasado viernes 4 de marzo, los alumnos de Ampliaci\u00f3n de Matem\u00e1ticas, con su profesora Amaya Mena, montaron en el pabell\u00f3n, la alfombra de Sierpinski, que han preparado y que forma parte de otra mucha mayor, que montar\u00e1n el 14 de Marzo en Pamplona, junto con otros centros de Navarra.<\/div>\n","protected":false},"excerpt":{"rendered":"<p>&nbsp; &nbsp; El pasado viernes 4 de marzo, los alumnos de Ampliaci\u00f3n de Matem\u00e1ticas, con su profesora Amaya Mena, montaron en el pabell\u00f3n, la alfombra de Sierpinski, que han preparado y que forma parte de otra mucha mayor, que montar\u00e1n el 14 de Marzo en Pamplona, junto con otros centros de Navarra.<\/p>\n","protected":false},"author":2,"featured_media":307,"comment_status":"open","ping_status":"open","sticky":false,"template":"","format":"standard","meta":[],"categories":[1],"tags":[],"_links":{"self":[{"href":"https:\/\/iesoreynodenavarra.educacion.navarra.es\/web1\/wp-json\/wp\/v2\/posts\/309"}],"collection":[{"href":"https:\/\/iesoreynodenavarra.educacion.navarra.es\/web1\/wp-json\/wp\/v2\/posts"}],"about":[{"href":"https:\/\/iesoreynodenavarra.educacion.navarra.es\/web1\/wp-json\/wp\/v2\/types\/post"}],"author":[{"embeddable":true,"href":"https:\/\/iesoreynodenavarra.educacion.navarra.es\/web1\/wp-json\/wp\/v2\/users\/2"}],"replies":[{"embeddable":true,"href":"https:\/\/iesoreynodenavarra.educacion.navarra.es\/web1\/wp-json\/wp\/v2\/comments?post=309"}],"version-history":[{"count":0,"href":"https:\/\/iesoreynodenavarra.educacion.navarra.es\/web1\/wp-json\/wp\/v2\/posts\/309\/revisions"}],"wp:featuredmedia":[{"embeddable":true,"href":"https:\/\/iesoreynodenavarra.educacion.navarra.es\/web1\/wp-json\/wp\/v2\/media\/307"}],"wp:attachment":[{"href":"https:\/\/iesoreynodenavarra.educacion.navarra.es\/web1\/wp-json\/wp\/v2\/media?parent=309"}],"wp:term":[{"taxonomy":"category","embeddable":true,"href":"https:\/\/iesoreynodenavarra.educacion.navarra.es\/web1\/wp-json\/wp\/v2\/categories?post=309"},{"taxonomy":"post_tag","embeddable":true,"href":"https:\/\/iesoreynodenavarra.educacion.navarra.es\/web1\/wp-json\/wp\/v2\/tags?post=309"}],"curies":[{"name":"wp","href":"https:\/\/api.w.org\/{rel}","templated":true}]}}