{"id":299,"date":"2016-01-08T10:47:08","date_gmt":"2016-01-08T09:47:08","guid":{"rendered":"https:\/\/iesoreynodenavarra.educacion.navarra.es\/web1\/blog\/2016\/01\/08\/intercambio-con-alumnas-francesas\/"},"modified":"2016-01-08T10:47:08","modified_gmt":"2016-01-08T09:47:08","slug":"intercambio-con-alumnas-francesas","status":"publish","type":"post","link":"https:\/\/iesoreynodenavarra.educacion.navarra.es\/web1\/blog\/intercambio-con-alumnas-francesas\/","title":{"rendered":"Intercambio con alumnas francesas"},"content":{"rendered":"<div style=\"text-align: justify;\">Durante los meses de Noviembre y Diciembre de 2015 dos chicas francesas, Lulie Pastre y Coralie Peyroutet, realizaron un intercambio escolar con Ana Salvador e Irene Esparza, alumnas de 3\u00ba de ESO, respectivamente. Fue un aut\u00e9ntico placer contar con su presencia. El programa se enmarca dentro de los acuerdos educativos de los estados franc\u00e9s y espa\u00f1ol, en coordinaci\u00f3n con la Uni\u00f3n Europea. La iniciativa corri\u00f3 a cargo del Departamento de franc\u00e9s del instituto.<\/div>\n<div style=\"text-align: justify;\"><img loading=\"lazy\" class=\" size-full wp-image-297\" src=\"https:\/\/iesoreynodenavarra.educacion.navarra.es\/web1\/wp-content\/uploads\/2016\/01\/intercambio2015.jpg\" width=\"500\" height=\"348\" srcset=\"https:\/\/iesoreynodenavarra.educacion.navarra.es\/web1\/wp-content\/uploads\/2016\/01\/intercambio2015.jpg 3720w, https:\/\/iesoreynodenavarra.educacion.navarra.es\/web1\/wp-content\/uploads\/2016\/01\/intercambio2015-300x209.jpg 300w, https:\/\/iesoreynodenavarra.educacion.navarra.es\/web1\/wp-content\/uploads\/2016\/01\/intercambio2015-768x535.jpg 768w, https:\/\/iesoreynodenavarra.educacion.navarra.es\/web1\/wp-content\/uploads\/2016\/01\/intercambio2015-1024x713.jpg 1024w\" sizes=\"(max-width: 500px) 100vw, 500px\" \/><\/div>\n<div style=\"text-align: justify;\"><img loading=\"lazy\" class=\" size-full wp-image-298\" src=\"https:\/\/iesoreynodenavarra.educacion.navarra.es\/web1\/wp-content\/uploads\/2016\/01\/intercambio12015.jpg\" width=\"500\" height=\"372\" srcset=\"https:\/\/iesoreynodenavarra.educacion.navarra.es\/web1\/wp-content\/uploads\/2016\/01\/intercambio12015.jpg 3048w, https:\/\/iesoreynodenavarra.educacion.navarra.es\/web1\/wp-content\/uploads\/2016\/01\/intercambio12015-300x223.jpg 300w, https:\/\/iesoreynodenavarra.educacion.navarra.es\/web1\/wp-content\/uploads\/2016\/01\/intercambio12015-768x571.jpg 768w, https:\/\/iesoreynodenavarra.educacion.navarra.es\/web1\/wp-content\/uploads\/2016\/01\/intercambio12015-1024x762.jpg 1024w\" sizes=\"(max-width: 500px) 100vw, 500px\" \/><\/div>\n<div style=\"text-align: justify;\">&nbsp;<\/div>\n","protected":false},"excerpt":{"rendered":"<p>Durante los meses de Noviembre y Diciembre de 2015 dos chicas francesas, Lulie Pastre y Coralie Peyroutet, realizaron un intercambio escolar con Ana Salvador e Irene Esparza, alumnas de 3\u00ba de ESO, respectivamente. Fue un aut\u00e9ntico placer contar con su presencia. El programa se enmarca dentro de los acuerdos educativos de los estados franc\u00e9s y &hellip; <a href=\"https:\/\/iesoreynodenavarra.educacion.navarra.es\/web1\/blog\/intercambio-con-alumnas-francesas\/\" class=\"more-link\">Seguir leyendo <span class=\"screen-reader-text\">Intercambio con alumnas francesas<\/span> <span class=\"meta-nav\">&rarr;<\/span><\/a><\/p>\n","protected":false},"author":2,"featured_media":297,"comment_status":"open","ping_status":"open","sticky":false,"template":"","format":"standard","meta":[],"categories":[1],"tags":[],"_links":{"self":[{"href":"https:\/\/iesoreynodenavarra.educacion.navarra.es\/web1\/wp-json\/wp\/v2\/posts\/299"}],"collection":[{"href":"https:\/\/iesoreynodenavarra.educacion.navarra.es\/web1\/wp-json\/wp\/v2\/posts"}],"about":[{"href":"https:\/\/iesoreynodenavarra.educacion.navarra.es\/web1\/wp-json\/wp\/v2\/types\/post"}],"author":[{"embeddable":true,"href":"https:\/\/iesoreynodenavarra.educacion.navarra.es\/web1\/wp-json\/wp\/v2\/users\/2"}],"replies":[{"embeddable":true,"href":"https:\/\/iesoreynodenavarra.educacion.navarra.es\/web1\/wp-json\/wp\/v2\/comments?post=299"}],"version-history":[{"count":0,"href":"https:\/\/iesoreynodenavarra.educacion.navarra.es\/web1\/wp-json\/wp\/v2\/posts\/299\/revisions"}],"wp:featuredmedia":[{"embeddable":true,"href":"https:\/\/iesoreynodenavarra.educacion.navarra.es\/web1\/wp-json\/wp\/v2\/media\/297"}],"wp:attachment":[{"href":"https:\/\/iesoreynodenavarra.educacion.navarra.es\/web1\/wp-json\/wp\/v2\/media?parent=299"}],"wp:term":[{"taxonomy":"category","embeddable":true,"href":"https:\/\/iesoreynodenavarra.educacion.navarra.es\/web1\/wp-json\/wp\/v2\/categories?post=299"},{"taxonomy":"post_tag","embeddable":true,"href":"https:\/\/iesoreynodenavarra.educacion.navarra.es\/web1\/wp-json\/wp\/v2\/tags?post=299"}],"curies":[{"name":"wp","href":"https:\/\/api.w.org\/{rel}","templated":true}]}}