{"id":291,"date":"2015-11-30T13:01:31","date_gmt":"2015-11-30T12:01:31","guid":{"rendered":"https:\/\/iesoreynodenavarra.educacion.navarra.es\/web1\/blog\/2015\/11\/30\/cambio-climatico\/"},"modified":"2015-11-30T13:01:31","modified_gmt":"2015-11-30T12:01:31","slug":"cambio-climatico","status":"publish","type":"post","link":"https:\/\/iesoreynodenavarra.educacion.navarra.es\/web1\/blog\/cambio-climatico\/","title":{"rendered":"Cambio clim\u00e1tico."},"content":{"rendered":"<div style=\"text-align: justify;\">Entre los d\u00edas 30 de noviembre y 12 de diciembre de 2015, se re\u00fanen en Par\u00eds los paises m\u00e1s ricos del mundo y los que m\u00e1s contaminan la atm\u00f3sfera. En el instituto Reyno de Navarra de Azagra hemos decidido colocarnos un coraz\u00f3n verde durante esos d\u00edas. El objetivo es mostrar nuestra preocupaci\u00f3n ante la degradaci\u00f3n del medio ambiente por la poluci\u00f3n atmosf\u00e9rica derivada de los vertidos industriales, de autom\u00f3viles, etc&#8230; sobre todo de estos pa\u00edses m\u00e1s ricos econ\u00f3micamente.<\/div>\n<div>&nbsp;<\/div>\n<div><img loading=\"lazy\" class=\" size-full wp-image-290\" src=\"https:\/\/iesoreynodenavarra.educacion.navarra.es\/web1\/wp-content\/uploads\/2015\/11\/cambioclimatico.jpg\" width=\"500\" height=\"295\" srcset=\"https:\/\/iesoreynodenavarra.educacion.navarra.es\/web1\/wp-content\/uploads\/2015\/11\/cambioclimatico.jpg 3600w, https:\/\/iesoreynodenavarra.educacion.navarra.es\/web1\/wp-content\/uploads\/2015\/11\/cambioclimatico-300x177.jpg 300w, https:\/\/iesoreynodenavarra.educacion.navarra.es\/web1\/wp-content\/uploads\/2015\/11\/cambioclimatico-768x452.jpg 768w, https:\/\/iesoreynodenavarra.educacion.navarra.es\/web1\/wp-content\/uploads\/2015\/11\/cambioclimatico-1024x603.jpg 1024w\" sizes=\"(max-width: 500px) 100vw, 500px\" \/><\/div>\n","protected":false},"excerpt":{"rendered":"<p>Entre los d\u00edas 30 de noviembre y 12 de diciembre de 2015, se re\u00fanen en Par\u00eds los paises m\u00e1s ricos del mundo y los que m\u00e1s contaminan la atm\u00f3sfera. En el instituto Reyno de Navarra de Azagra hemos decidido colocarnos un coraz\u00f3n verde durante esos d\u00edas. El objetivo es mostrar nuestra preocupaci\u00f3n ante la degradaci\u00f3n &hellip; <a href=\"https:\/\/iesoreynodenavarra.educacion.navarra.es\/web1\/blog\/cambio-climatico\/\" class=\"more-link\">Seguir leyendo <span class=\"screen-reader-text\">Cambio clim\u00e1tico.<\/span> <span class=\"meta-nav\">&rarr;<\/span><\/a><\/p>\n","protected":false},"author":2,"featured_media":290,"comment_status":"open","ping_status":"open","sticky":false,"template":"","format":"standard","meta":[],"categories":[1],"tags":[],"_links":{"self":[{"href":"https:\/\/iesoreynodenavarra.educacion.navarra.es\/web1\/wp-json\/wp\/v2\/posts\/291"}],"collection":[{"href":"https:\/\/iesoreynodenavarra.educacion.navarra.es\/web1\/wp-json\/wp\/v2\/posts"}],"about":[{"href":"https:\/\/iesoreynodenavarra.educacion.navarra.es\/web1\/wp-json\/wp\/v2\/types\/post"}],"author":[{"embeddable":true,"href":"https:\/\/iesoreynodenavarra.educacion.navarra.es\/web1\/wp-json\/wp\/v2\/users\/2"}],"replies":[{"embeddable":true,"href":"https:\/\/iesoreynodenavarra.educacion.navarra.es\/web1\/wp-json\/wp\/v2\/comments?post=291"}],"version-history":[{"count":0,"href":"https:\/\/iesoreynodenavarra.educacion.navarra.es\/web1\/wp-json\/wp\/v2\/posts\/291\/revisions"}],"wp:featuredmedia":[{"embeddable":true,"href":"https:\/\/iesoreynodenavarra.educacion.navarra.es\/web1\/wp-json\/wp\/v2\/media\/290"}],"wp:attachment":[{"href":"https:\/\/iesoreynodenavarra.educacion.navarra.es\/web1\/wp-json\/wp\/v2\/media?parent=291"}],"wp:term":[{"taxonomy":"category","embeddable":true,"href":"https:\/\/iesoreynodenavarra.educacion.navarra.es\/web1\/wp-json\/wp\/v2\/categories?post=291"},{"taxonomy":"post_tag","embeddable":true,"href":"https:\/\/iesoreynodenavarra.educacion.navarra.es\/web1\/wp-json\/wp\/v2\/tags?post=291"}],"curies":[{"name":"wp","href":"https:\/\/api.w.org\/{rel}","templated":true}]}}