{"id":286,"date":"2015-11-27T11:48:28","date_gmt":"2015-11-27T10:48:28","guid":{"rendered":"https:\/\/iesoreynodenavarra.educacion.navarra.es\/web1\/blog\/2015\/11\/27\/semana-medioambiental\/"},"modified":"2015-11-27T11:48:28","modified_gmt":"2015-11-27T10:48:28","slug":"semana-medioambiental","status":"publish","type":"post","link":"https:\/\/iesoreynodenavarra.educacion.navarra.es\/web1\/blog\/semana-medioambiental\/","title":{"rendered":"Semana Medioambiental"},"content":{"rendered":"<div style=\"text-align: justify;\">Los alumnos de 1\u00ba de ESO compartieron un proghrama de eucaci\u00f3n medioambiental, en Vi\u00e9rnoles, Cantabria, con chicos y chicas del IES Mirador del Genil ( Iznajar- C\u00f3rdoba). Convivieron entre los d\u00edas 2 y 6 de Noviembre de 2015. Fueron acompa\u00f1ados por los profesores Nieves Conde y Alejandro Urriza. La experiencia fue enormemente positiva.<\/div>\n<div style=\"text-align: justify;\">&nbsp;<\/div>\n<div>&nbsp;<\/div>\n<div><img loading=\"lazy\" class=\" size-full wp-image-285\" src=\"https:\/\/iesoreynodenavarra.educacion.navarra.es\/web1\/wp-content\/uploads\/2015\/11\/18-altamira.jpg\" width=\"500\" height=\"281\" srcset=\"https:\/\/iesoreynodenavarra.educacion.navarra.es\/web1\/wp-content\/uploads\/2015\/11\/18-altamira.jpg 2560w, https:\/\/iesoreynodenavarra.educacion.navarra.es\/web1\/wp-content\/uploads\/2015\/11\/18-altamira-300x169.jpg 300w, https:\/\/iesoreynodenavarra.educacion.navarra.es\/web1\/wp-content\/uploads\/2015\/11\/18-altamira-768x432.jpg 768w, https:\/\/iesoreynodenavarra.educacion.navarra.es\/web1\/wp-content\/uploads\/2015\/11\/18-altamira-1024x576.jpg 1024w\" sizes=\"(max-width: 500px) 100vw, 500px\" \/><\/div>\n","protected":false},"excerpt":{"rendered":"<p>Los alumnos de 1\u00ba de ESO compartieron un proghrama de eucaci\u00f3n medioambiental, en Vi\u00e9rnoles, Cantabria, con chicos y chicas del IES Mirador del Genil ( Iznajar- C\u00f3rdoba). Convivieron entre los d\u00edas 2 y 6 de Noviembre de 2015. Fueron acompa\u00f1ados por los profesores Nieves Conde y Alejandro Urriza. La experiencia fue enormemente positiva. &nbsp; &nbsp;<\/p>\n","protected":false},"author":2,"featured_media":285,"comment_status":"open","ping_status":"open","sticky":false,"template":"","format":"standard","meta":[],"categories":[1],"tags":[],"_links":{"self":[{"href":"https:\/\/iesoreynodenavarra.educacion.navarra.es\/web1\/wp-json\/wp\/v2\/posts\/286"}],"collection":[{"href":"https:\/\/iesoreynodenavarra.educacion.navarra.es\/web1\/wp-json\/wp\/v2\/posts"}],"about":[{"href":"https:\/\/iesoreynodenavarra.educacion.navarra.es\/web1\/wp-json\/wp\/v2\/types\/post"}],"author":[{"embeddable":true,"href":"https:\/\/iesoreynodenavarra.educacion.navarra.es\/web1\/wp-json\/wp\/v2\/users\/2"}],"replies":[{"embeddable":true,"href":"https:\/\/iesoreynodenavarra.educacion.navarra.es\/web1\/wp-json\/wp\/v2\/comments?post=286"}],"version-history":[{"count":0,"href":"https:\/\/iesoreynodenavarra.educacion.navarra.es\/web1\/wp-json\/wp\/v2\/posts\/286\/revisions"}],"wp:featuredmedia":[{"embeddable":true,"href":"https:\/\/iesoreynodenavarra.educacion.navarra.es\/web1\/wp-json\/wp\/v2\/media\/285"}],"wp:attachment":[{"href":"https:\/\/iesoreynodenavarra.educacion.navarra.es\/web1\/wp-json\/wp\/v2\/media?parent=286"}],"wp:term":[{"taxonomy":"category","embeddable":true,"href":"https:\/\/iesoreynodenavarra.educacion.navarra.es\/web1\/wp-json\/wp\/v2\/categories?post=286"},{"taxonomy":"post_tag","embeddable":true,"href":"https:\/\/iesoreynodenavarra.educacion.navarra.es\/web1\/wp-json\/wp\/v2\/tags?post=286"}],"curies":[{"name":"wp","href":"https:\/\/api.w.org\/{rel}","templated":true}]}}