{"id":279,"date":"2015-11-23T13:09:47","date_gmt":"2015-11-23T12:09:47","guid":{"rendered":"https:\/\/iesoreynodenavarra.educacion.navarra.es\/web1\/blog\/2015\/11\/23\/elecciones-al-consejo-escolar-2\/"},"modified":"2015-11-23T13:09:47","modified_gmt":"2015-11-23T12:09:47","slug":"elecciones-al-consejo-escolar-2","status":"publish","type":"post","link":"https:\/\/iesoreynodenavarra.educacion.navarra.es\/web1\/blog\/elecciones-al-consejo-escolar-2\/","title":{"rendered":"Elecciones al Consejo Escolar"},"content":{"rendered":"<div>\n<div style=\"border-style: none none double; border-bottom-color: windowtext; border-bottom-width: 4.5pt; padding: 0cm 0cm 1pt;\">\n<p align=\"center\" style=\"text-align: center; line-height: 15pt; border: none; padding: 0cm;\"><strong><span style=\"font-size: 11pt;\">ELECCIONES A CONSEJO ESCOLAR<\/span><\/strong><\/p>\n<p align=\"center\" style=\"text-align: center; line-height: 15pt; border: none; padding: 0cm;\"><strong><span style=\"font-size: 11pt;\">DEL I.E.S.O. \u201cREYNO DE NAVARRA\u201d2015\/2017<\/span><\/strong><\/p>\n<\/p><\/div>\n<p style=\"line-height: 150%;\"><span style=\"font-family: Arial, sans-serif;\">La Resoluci\u00f3n 92\/2015, de 21 de octubre, del Director General de Educaci\u00f3n, aprueba las Instrucciones para la elecci\u00f3n y renovaci\u00f3n del Consejo Escolar del IESO \u201cReyno de Navarra\u201d de Azagra.<\/span><\/p>\n<p style=\"line-height: 150%;\"><span style=\"font-family: Arial, sans-serif;\">En su apartado V.7 se\u00f1ala que \u201ccuando el n\u00famero de <a href=\"mailto:candidat@s para\">candidat@s para<\/a> un sector sea inferior o igual al n\u00famero de representantes que deben ser renovados, los <a href=\"mailto:candidat@s presentados\">candidat@s presentados<\/a> ser\u00e1n proclamados, autom\u00e1ticamente, por la Junta Electoral.<\/span><\/p>\n<p style=\"line-height: 150%;\"><span style=\"font-family: Arial, sans-serif;\">Esta circunstancia se da en el sector padres\/madres, <a href=\"mailto:alumn@s y\">alumn@s y<\/a> profesores del IESO \u201cReyno de Navarra\u201d:<\/span><\/p>\n<p style=\"margin-left: 36pt; text-indent: -18pt; line-height: 150%;\">$1<span style=\"font-family: Arial, sans-serif;\">a)<span style=\"font-size: 7pt; line-height: normal; font-family: 'Times New Roman';\">&nbsp;&nbsp;&nbsp;&nbsp; <\/span><\/span><span style=\"font-family: Arial, sans-serif;\">En el sector padre\/madres habr\u00e1 que renovar una vacante y hay una candidata:<\/span><\/p>\n<p style=\"margin-left: 71.85pt; text-indent: -17.85pt; line-height: 150%;\">$1<span style=\"font-size: 11pt; line-height: 150%; font-family: Wingdings;\">\u00a7<span style=\"font-size: 7pt; line-height: normal; font-family: 'Times New Roman';\">&nbsp; <\/span><\/span><span style=\"font-family: Arial, sans-serif;\">D\u00aa Pilar Pav\u00f3n G\u00f3mez<\/span><\/p>\n<p style=\"margin-left: 36pt; text-indent: -18pt; line-height: 150%;\">$1<span style=\"font-size: 11pt; line-height: 150%;\">b)<span style=\"font-size: 7pt; line-height: normal; font-family: 'Times New Roman';\">&nbsp;&nbsp;&nbsp;&nbsp;&nbsp; <\/span><\/span><span style=\"font-family: Arial, sans-serif;\">En el sector <a href=\"mailto:alumn@s habr\">alumn@s habr<\/a>\u00e1 que renovar una vacante y hay una candidata:<\/span><\/p>\n<p style=\"margin-left: 71.85pt; text-indent: -17.85pt; line-height: 150%;\">$1<span style=\"font-size: 11pt; line-height: 150%; font-family: Wingdings;\">\u00a7<span style=\"font-size: 7pt; line-height: normal; font-family: 'Times New Roman';\">&nbsp; <\/span><\/span><span style=\"font-family: Arial, sans-serif;\">D\u00aa Irene Esparza Valencia<\/span><\/p>\n<p style=\"margin-left: 36pt; text-indent: -18pt; line-height: 150%;\">$1<span style=\"font-size: 11pt; line-height: 150%;\">c)<span style=\"font-size: 7pt; line-height: normal; font-family: 'Times New Roman';\">&nbsp;&nbsp;&nbsp;&nbsp;&nbsp; <\/span><\/span><span style=\"font-family: Arial, sans-serif;\">En el sector profesorado habr\u00e1 que renovar dos vacantes y hay dos candidat@s:<\/span><\/p>\n<p style=\"margin-left: 71.85pt; text-indent: -17.85pt; line-height: 150%;\">$1<span style=\"font-size: 11pt; line-height: 150%; font-family: Wingdings;\">\u00a7<span style=\"font-size: 7pt; line-height: normal; font-family: 'Times New Roman';\">&nbsp; <\/span><\/span><span style=\"font-family: Arial, sans-serif;\">D\u00aa Pilar Etayo Lodosa<\/span><\/p>\n<p style=\"margin-left: 71.85pt; text-indent: -17.85pt; line-height: 150%;\">$1<span style=\"font-size: 11pt; line-height: 150%; font-family: Wingdings;\">\u00a7<span style=\"font-size: 7pt; line-height: normal; font-family: 'Times New Roman';\">&nbsp; <\/span><\/span><span style=\"font-family: Arial, sans-serif;\">D. Pedro Gonz\u00e1lez Gonz\u00e1lez<\/span><\/p>\n<p style=\"line-height: 150%;\"><span style=\"font-family: Arial, sans-serif;\">En consecuencia, la Junta Electoral del IESO \u201cReyno de Navarra\u201d de Azagra, proclama como miembros del Consejo Escolar del Instituto a:<\/span><\/p>\n<p style=\"margin-left: 36pt; text-indent: -18pt; line-height: 150%;\">$1<span style=\"font-family: Arial, sans-serif;\">a)<span style=\"font-size: 7pt; line-height: normal; font-family: 'Times New Roman';\">&nbsp;&nbsp;&nbsp;&nbsp; <\/span><\/span><span style=\"font-family: Arial, sans-serif;\">Sector padre\/madres:<\/span><\/p>\n<p style=\"margin-left: 71.85pt; text-indent: -17.85pt; line-height: 150%;\">$1<span style=\"font-size: 11pt; line-height: 150%; font-family: Wingdings;\">\u00a7<span style=\"font-size: 7pt; line-height: normal; font-family: 'Times New Roman';\">&nbsp; <\/span><\/span><span style=\"font-family: Arial, sans-serif;\">D\u00aa Pilar Pav\u00f3n G\u00f3mez<\/span><\/p>\n<p style=\"margin-left: 36pt; text-indent: -18pt; line-height: 150%;\">$1<span style=\"font-size: 11pt; line-height: 150%;\">b)<span style=\"font-size: 7pt; line-height: normal; font-family: 'Times New Roman';\">&nbsp;&nbsp;&nbsp;&nbsp;&nbsp; <\/span><\/span><span style=\"font-family: Arial, sans-serif;\">Sector alumn@s:<\/span><\/p>\n<p style=\"margin-left: 71.85pt; text-indent: -17.85pt; line-height: 150%;\">$1<span style=\"font-size: 11pt; line-height: 150%; font-family: Wingdings;\">\u00a7<span style=\"font-size: 7pt; line-height: normal; font-family: 'Times New Roman';\">&nbsp; <\/span><\/span><span style=\"font-family: Arial, sans-serif;\">D\u00aa Irene Esparza Valencia<\/span><\/p>\n<p style=\"margin-left: 36pt; text-indent: -18pt; line-height: 150%;\">$1<span style=\"font-size: 11pt; line-height: 150%;\">c)<span style=\"font-size: 7pt; line-height: normal; font-family: 'Times New Roman';\">&nbsp;&nbsp;&nbsp;&nbsp;&nbsp; <\/span><\/span><span style=\"font-family: Arial, sans-serif;\">Sector profesorado:<\/span><\/p>\n<p style=\"margin-left: 71.85pt; text-indent: -17.85pt; line-height: 150%;\">$1<span style=\"font-size: 11pt; line-height: 150%; font-family: Wingdings;\">\u00a7<span style=\"font-size: 7pt; line-height: normal; font-family: 'Times New Roman';\">&nbsp; <\/span><\/span><span style=\"font-family: Arial, sans-serif;\">D\u00aa Pilar Etayo Lodosa<\/span><\/p>\n<p style=\"margin-left: 71.85pt; text-indent: -17.85pt; line-height: 150%;\">$1<span style=\"font-size: 11pt; line-height: 150%; font-family: Wingdings;\">\u00a7<span style=\"font-size: 7pt; line-height: normal; font-family: 'Times New Roman';\">&nbsp; <\/span><\/span><span style=\"font-family: Arial, sans-serif;\">D. Pedro Gonz\u00e1lez Gonz\u00e1lez<\/span><\/p>\n<p align=\"center\" style=\"text-align: center; line-height: 150%;\"><span style=\"font-family: Arial, sans-serif;\">Azagra a 23 de noviembre de 2015.<\/span><\/p>\n<p align=\"center\" style=\"text-align: center; line-height: 150%;\"><span style=\"font-family: Arial, sans-serif;\">Los miembros de la Junta Electoral<\/span><\/p>\n<\/p><\/div>\n","protected":false},"excerpt":{"rendered":"<p>ELECCIONES A CONSEJO ESCOLAR DEL I.E.S.O. \u201cREYNO DE NAVARRA\u201d2015\/2017 La Resoluci\u00f3n 92\/2015, de 21 de octubre, del Director General de Educaci\u00f3n, aprueba las Instrucciones para la elecci\u00f3n y renovaci\u00f3n del Consejo Escolar del IESO \u201cReyno de Navarra\u201d de Azagra. En su apartado V.7 se\u00f1ala que \u201ccuando el n\u00famero de candidat@s para un sector sea inferior &hellip; <a href=\"https:\/\/iesoreynodenavarra.educacion.navarra.es\/web1\/blog\/elecciones-al-consejo-escolar-2\/\" class=\"more-link\">Seguir leyendo <span class=\"screen-reader-text\">Elecciones al Consejo Escolar<\/span> <span class=\"meta-nav\">&rarr;<\/span><\/a><\/p>\n","protected":false},"author":2,"featured_media":0,"comment_status":"open","ping_status":"open","sticky":false,"template":"","format":"standard","meta":[],"categories":[1],"tags":[],"_links":{"self":[{"href":"https:\/\/iesoreynodenavarra.educacion.navarra.es\/web1\/wp-json\/wp\/v2\/posts\/279"}],"collection":[{"href":"https:\/\/iesoreynodenavarra.educacion.navarra.es\/web1\/wp-json\/wp\/v2\/posts"}],"about":[{"href":"https:\/\/iesoreynodenavarra.educacion.navarra.es\/web1\/wp-json\/wp\/v2\/types\/post"}],"author":[{"embeddable":true,"href":"https:\/\/iesoreynodenavarra.educacion.navarra.es\/web1\/wp-json\/wp\/v2\/users\/2"}],"replies":[{"embeddable":true,"href":"https:\/\/iesoreynodenavarra.educacion.navarra.es\/web1\/wp-json\/wp\/v2\/comments?post=279"}],"version-history":[{"count":0,"href":"https:\/\/iesoreynodenavarra.educacion.navarra.es\/web1\/wp-json\/wp\/v2\/posts\/279\/revisions"}],"wp:attachment":[{"href":"https:\/\/iesoreynodenavarra.educacion.navarra.es\/web1\/wp-json\/wp\/v2\/media?parent=279"}],"wp:term":[{"taxonomy":"category","embeddable":true,"href":"https:\/\/iesoreynodenavarra.educacion.navarra.es\/web1\/wp-json\/wp\/v2\/categories?post=279"},{"taxonomy":"post_tag","embeddable":true,"href":"https:\/\/iesoreynodenavarra.educacion.navarra.es\/web1\/wp-json\/wp\/v2\/tags?post=279"}],"curies":[{"name":"wp","href":"https:\/\/api.w.org\/{rel}","templated":true}]}}