{"id":276,"date":"2015-11-23T10:56:10","date_gmt":"2015-11-23T09:56:10","guid":{"rendered":"https:\/\/iesoreynodenavarra.educacion.navarra.es\/web1\/blog\/2015\/11\/23\/gimnasia-ritmica\/"},"modified":"2015-11-23T10:56:10","modified_gmt":"2015-11-23T09:56:10","slug":"gimnasia-ritmica","status":"publish","type":"post","link":"https:\/\/iesoreynodenavarra.educacion.navarra.es\/web1\/blog\/gimnasia-ritmica\/","title":{"rendered":"Gimnasia R\u00edtmica"},"content":{"rendered":"<div>\n<p style=\"margin: 0cm 0cm 7.5pt; line-height: 18.75pt; text-align: justify; background-image: initial; background-attachment: initial; background-position: initial; background-repeat: initial;\"><span style=\"font-family: Arial, sans-serif;\"><img loading=\"lazy\" class=\" size-full wp-image-275\" src=\"https:\/\/iesoreynodenavarra.educacion.navarra.es\/web1\/wp-content\/uploads\/2015\/11\/gimnasiaritmica.jpg\" width=\"500\" height=\"357\" srcset=\"https:\/\/iesoreynodenavarra.educacion.navarra.es\/web1\/wp-content\/uploads\/2015\/11\/gimnasiaritmica.jpg 720w, https:\/\/iesoreynodenavarra.educacion.navarra.es\/web1\/wp-content\/uploads\/2015\/11\/gimnasiaritmica-300x214.jpg 300w\" sizes=\"(max-width: 500px) 100vw, 500px\" \/><\/span><\/p>\n<p> <span style=\"font-family: Arial, sans-serif;\">Ricardo Le\u00f3n Mar\u00edn, alumno del IESO Reyno de Navarra de Azagra e integrante del Club <\/span><\/div>\n<div><span style=\"font-family: Arial, sans-serif;\"><\/span><span style=\"font-family: Arial, sans-serif;\">Gimnasia R\u00edtmica-Agrupaci\u00f3n Deportiva Agustinos de Calahorra, &nbsp;se proclam\u00f3 Campe\u00f3n <\/span><\/div>\n<div><span style=\"font-family: Arial, sans-serif;\">de Espa\u00f1a de gimnasia r\u00edtmica, el 19 de Noviembre de 2015,en el apartado individual <\/span><\/div>\n<div><span style=\"font-family: Arial, sans-serif;\">masculino de la categor\u00eda Infantil. <o:p><\/o:p><\/span><span style=\"font-family: Arial, sans-serif;\">Es el justo premio al esfuerzo y a la constancia<\/span><\/div>\n<div><span style=\"font-family: Arial, sans-serif;\">.<o:p><\/o:p><\/span><span style=\"font-family: Arial, sans-serif;\">\u00a1Enhorabuena Ricardo!<o:p><\/o:p><\/span><\/div>\n","protected":false},"excerpt":{"rendered":"<p>Ricardo Le\u00f3n Mar\u00edn, alumno del IESO Reyno de Navarra de Azagra e integrante del Club Gimnasia R\u00edtmica-Agrupaci\u00f3n Deportiva Agustinos de Calahorra, &nbsp;se proclam\u00f3 Campe\u00f3n de Espa\u00f1a de gimnasia r\u00edtmica, el 19 de Noviembre de 2015,en el apartado individual masculino de la categor\u00eda Infantil. Es el justo premio al esfuerzo y a la constancia .\u00a1Enhorabuena Ricardo!<\/p>\n","protected":false},"author":2,"featured_media":275,"comment_status":"open","ping_status":"open","sticky":false,"template":"","format":"standard","meta":[],"categories":[1],"tags":[],"_links":{"self":[{"href":"https:\/\/iesoreynodenavarra.educacion.navarra.es\/web1\/wp-json\/wp\/v2\/posts\/276"}],"collection":[{"href":"https:\/\/iesoreynodenavarra.educacion.navarra.es\/web1\/wp-json\/wp\/v2\/posts"}],"about":[{"href":"https:\/\/iesoreynodenavarra.educacion.navarra.es\/web1\/wp-json\/wp\/v2\/types\/post"}],"author":[{"embeddable":true,"href":"https:\/\/iesoreynodenavarra.educacion.navarra.es\/web1\/wp-json\/wp\/v2\/users\/2"}],"replies":[{"embeddable":true,"href":"https:\/\/iesoreynodenavarra.educacion.navarra.es\/web1\/wp-json\/wp\/v2\/comments?post=276"}],"version-history":[{"count":0,"href":"https:\/\/iesoreynodenavarra.educacion.navarra.es\/web1\/wp-json\/wp\/v2\/posts\/276\/revisions"}],"wp:featuredmedia":[{"embeddable":true,"href":"https:\/\/iesoreynodenavarra.educacion.navarra.es\/web1\/wp-json\/wp\/v2\/media\/275"}],"wp:attachment":[{"href":"https:\/\/iesoreynodenavarra.educacion.navarra.es\/web1\/wp-json\/wp\/v2\/media?parent=276"}],"wp:term":[{"taxonomy":"category","embeddable":true,"href":"https:\/\/iesoreynodenavarra.educacion.navarra.es\/web1\/wp-json\/wp\/v2\/categories?post=276"},{"taxonomy":"post_tag","embeddable":true,"href":"https:\/\/iesoreynodenavarra.educacion.navarra.es\/web1\/wp-json\/wp\/v2\/tags?post=276"}],"curies":[{"name":"wp","href":"https:\/\/api.w.org\/{rel}","templated":true}]}}