{"id":271,"date":"2015-11-18T09:52:00","date_gmt":"2015-11-18T08:52:00","guid":{"rendered":"https:\/\/iesoreynodenavarra.educacion.navarra.es\/web1\/blog\/2015\/11\/18\/seguimiento-de-la-programacion\/"},"modified":"2015-11-18T09:52:00","modified_gmt":"2015-11-18T08:52:00","slug":"seguimiento-de-la-programacion","status":"publish","type":"post","link":"https:\/\/iesoreynodenavarra.educacion.navarra.es\/web1\/blog\/seguimiento-de-la-programacion\/","title":{"rendered":"Seguimiento de la Programaci\u00f3n"},"content":{"rendered":"<div>Aqu\u00ed ten\u00e9is el enlace al documento del seguimiento de la programaci\u00f3n.<\/div>\n<div>&nbsp;<\/div>\n<div style=\"text-align: center;\"><span style=\"font-size: 14pt; color: #000080;\"><strong><\/strong><\/span><a href=\"https:\/\/docs.google.com\/a\/educacion.navarra.es\/forms\/d\/1G0PJQ_zRrfpZMaMvIIJUYfugBQRSL6pt5rzRjFAKVyU\/viewform?usp=send_form\"><span style=\"font-size: 14pt; color: #000080;\"><strong>SEGUIMIENTO DE LA PROGRAMACI\u00d3N<\/strong><\/span><\/a><\/div>\n","protected":false},"excerpt":{"rendered":"<p>Aqu\u00ed ten\u00e9is el enlace al documento del seguimiento de la programaci\u00f3n. &nbsp; SEGUIMIENTO DE LA PROGRAMACI\u00d3N<\/p>\n","protected":false},"author":2,"featured_media":0,"comment_status":"open","ping_status":"open","sticky":false,"template":"","format":"standard","meta":[],"categories":[42],"tags":[],"_links":{"self":[{"href":"https:\/\/iesoreynodenavarra.educacion.navarra.es\/web1\/wp-json\/wp\/v2\/posts\/271"}],"collection":[{"href":"https:\/\/iesoreynodenavarra.educacion.navarra.es\/web1\/wp-json\/wp\/v2\/posts"}],"about":[{"href":"https:\/\/iesoreynodenavarra.educacion.navarra.es\/web1\/wp-json\/wp\/v2\/types\/post"}],"author":[{"embeddable":true,"href":"https:\/\/iesoreynodenavarra.educacion.navarra.es\/web1\/wp-json\/wp\/v2\/users\/2"}],"replies":[{"embeddable":true,"href":"https:\/\/iesoreynodenavarra.educacion.navarra.es\/web1\/wp-json\/wp\/v2\/comments?post=271"}],"version-history":[{"count":0,"href":"https:\/\/iesoreynodenavarra.educacion.navarra.es\/web1\/wp-json\/wp\/v2\/posts\/271\/revisions"}],"wp:attachment":[{"href":"https:\/\/iesoreynodenavarra.educacion.navarra.es\/web1\/wp-json\/wp\/v2\/media?parent=271"}],"wp:term":[{"taxonomy":"category","embeddable":true,"href":"https:\/\/iesoreynodenavarra.educacion.navarra.es\/web1\/wp-json\/wp\/v2\/categories?post=271"},{"taxonomy":"post_tag","embeddable":true,"href":"https:\/\/iesoreynodenavarra.educacion.navarra.es\/web1\/wp-json\/wp\/v2\/tags?post=271"}],"curies":[{"name":"wp","href":"https:\/\/api.w.org\/{rel}","templated":true}]}}