{"id":265,"date":"2015-06-01T08:33:50","date_gmt":"2015-06-01T06:33:50","guid":{"rendered":"https:\/\/iesoreynodenavarra.educacion.navarra.es\/web1\/blog\/2015\/06\/01\/revista-2015\/"},"modified":"2015-06-01T08:33:50","modified_gmt":"2015-06-01T06:33:50","slug":"revista-2015","status":"publish","type":"post","link":"https:\/\/iesoreynodenavarra.educacion.navarra.es\/web1\/blog\/revista-2015\/","title":{"rendered":"Revista 2015"},"content":{"rendered":"<div>Esperamos que os guste el nuevo n\u00famero de nuestra revista @rrobados. La ten\u00e9is disponible en el apartado REVISTA del men\u00fa superior.<\/div>\n<div><img loading=\"lazy\" class=\" size-full wp-image-264\" src=\"https:\/\/iesoreynodenavarra.educacion.navarra.es\/web1\/wp-content\/uploads\/2015\/06\/portada1.jpg\" width=\"500\" height=\"354\" srcset=\"https:\/\/iesoreynodenavarra.educacion.navarra.es\/web1\/wp-content\/uploads\/2015\/06\/portada1.jpg 4961w, https:\/\/iesoreynodenavarra.educacion.navarra.es\/web1\/wp-content\/uploads\/2015\/06\/portada1-300x212.jpg 300w, https:\/\/iesoreynodenavarra.educacion.navarra.es\/web1\/wp-content\/uploads\/2015\/06\/portada1-768x543.jpg 768w, https:\/\/iesoreynodenavarra.educacion.navarra.es\/web1\/wp-content\/uploads\/2015\/06\/portada1-1024x724.jpg 1024w\" sizes=\"(max-width: 500px) 100vw, 500px\" \/><\/div>\n<div>&nbsp;<\/div>\n<div>&nbsp;<\/div>\n<div>&nbsp;<\/div>\n<div>&nbsp;<\/div>\n","protected":false},"excerpt":{"rendered":"<p>Esperamos que os guste el nuevo n\u00famero de nuestra revista @rrobados. La ten\u00e9is disponible en el apartado REVISTA del men\u00fa superior. &nbsp; &nbsp; &nbsp; &nbsp;<\/p>\n","protected":false},"author":2,"featured_media":264,"comment_status":"open","ping_status":"open","sticky":false,"template":"","format":"standard","meta":[],"categories":[1],"tags":[],"_links":{"self":[{"href":"https:\/\/iesoreynodenavarra.educacion.navarra.es\/web1\/wp-json\/wp\/v2\/posts\/265"}],"collection":[{"href":"https:\/\/iesoreynodenavarra.educacion.navarra.es\/web1\/wp-json\/wp\/v2\/posts"}],"about":[{"href":"https:\/\/iesoreynodenavarra.educacion.navarra.es\/web1\/wp-json\/wp\/v2\/types\/post"}],"author":[{"embeddable":true,"href":"https:\/\/iesoreynodenavarra.educacion.navarra.es\/web1\/wp-json\/wp\/v2\/users\/2"}],"replies":[{"embeddable":true,"href":"https:\/\/iesoreynodenavarra.educacion.navarra.es\/web1\/wp-json\/wp\/v2\/comments?post=265"}],"version-history":[{"count":0,"href":"https:\/\/iesoreynodenavarra.educacion.navarra.es\/web1\/wp-json\/wp\/v2\/posts\/265\/revisions"}],"wp:featuredmedia":[{"embeddable":true,"href":"https:\/\/iesoreynodenavarra.educacion.navarra.es\/web1\/wp-json\/wp\/v2\/media\/264"}],"wp:attachment":[{"href":"https:\/\/iesoreynodenavarra.educacion.navarra.es\/web1\/wp-json\/wp\/v2\/media?parent=265"}],"wp:term":[{"taxonomy":"category","embeddable":true,"href":"https:\/\/iesoreynodenavarra.educacion.navarra.es\/web1\/wp-json\/wp\/v2\/categories?post=265"},{"taxonomy":"post_tag","embeddable":true,"href":"https:\/\/iesoreynodenavarra.educacion.navarra.es\/web1\/wp-json\/wp\/v2\/tags?post=265"}],"curies":[{"name":"wp","href":"https:\/\/api.w.org\/{rel}","templated":true}]}}