{"id":263,"date":"2015-05-12T09:37:49","date_gmt":"2015-05-12T07:37:49","guid":{"rendered":"https:\/\/iesoreynodenavarra.educacion.navarra.es\/web1\/blog\/2015\/05\/12\/viaje-a-londres\/"},"modified":"2015-05-12T09:37:49","modified_gmt":"2015-05-12T07:37:49","slug":"viaje-a-londres","status":"publish","type":"post","link":"https:\/\/iesoreynodenavarra.educacion.navarra.es\/web1\/blog\/viaje-a-londres\/","title":{"rendered":"Viaje a Londres"},"content":{"rendered":"<div style=\"text-align: justify;\"><span style=\"font-size: 12pt; line-height: 115%; font-family: 'Times New Roman', serif;\">El pasado 23 de Marzo, los alumnos de 4\u00ba de la ESO realizamos nuesto viaje de fin de curso a Londres. Visitamos todos los monumentos representativos de dicha ciudad en compa\u00f1\u00eda de Amelia y Roc\u00edo, ambas del departamento de ingl\u00e9s.&nbsp;<span style=\"font-size: 12pt; line-height: 115%; font-family: 'Times New Roman', serif;\">Espero que se siga repitiendo porque realmente merece la pena. <\/span><\/span><span style=\"font-size: 12pt; line-height: 115%; font-family: 'Times New Roman', serif;\"><br \/><\/span><\/div>\n<div style=\"text-align: justify;\"><img loading=\"lazy\" class=\" size-full wp-image-261\" src=\"https:\/\/iesoreynodenavarra.educacion.navarra.es\/web1\/wp-content\/uploads\/2015\/05\/londres.jpg\" width=\"500\" height=\"428\" srcset=\"https:\/\/iesoreynodenavarra.educacion.navarra.es\/web1\/wp-content\/uploads\/2015\/05\/londres.jpg 842w, https:\/\/iesoreynodenavarra.educacion.navarra.es\/web1\/wp-content\/uploads\/2015\/05\/londres-300x257.jpg 300w, https:\/\/iesoreynodenavarra.educacion.navarra.es\/web1\/wp-content\/uploads\/2015\/05\/londres-768x657.jpg 768w\" sizes=\"(max-width: 500px) 100vw, 500px\" \/><img loading=\"lazy\" class=\" size-full wp-image-262\" src=\"https:\/\/iesoreynodenavarra.educacion.navarra.es\/web1\/wp-content\/uploads\/2015\/05\/londres1.jpg\" width=\"500\" height=\"593\" srcset=\"https:\/\/iesoreynodenavarra.educacion.navarra.es\/web1\/wp-content\/uploads\/2015\/05\/londres1.jpg 932w, https:\/\/iesoreynodenavarra.educacion.navarra.es\/web1\/wp-content\/uploads\/2015\/05\/londres1-253x300.jpg 253w, https:\/\/iesoreynodenavarra.educacion.navarra.es\/web1\/wp-content\/uploads\/2015\/05\/londres1-768x911.jpg 768w, https:\/\/iesoreynodenavarra.educacion.navarra.es\/web1\/wp-content\/uploads\/2015\/05\/londres1-864x1024.jpg 864w\" sizes=\"(max-width: 500px) 100vw, 500px\" \/><\/div>\n","protected":false},"excerpt":{"rendered":"<p>El pasado 23 de Marzo, los alumnos de 4\u00ba de la ESO realizamos nuesto viaje de fin de curso a Londres. Visitamos todos los monumentos representativos de dicha ciudad en compa\u00f1\u00eda de Amelia y Roc\u00edo, ambas del departamento de ingl\u00e9s.&nbsp;Espero que se siga repitiendo porque realmente merece la pena.<\/p>\n","protected":false},"author":2,"featured_media":261,"comment_status":"open","ping_status":"open","sticky":false,"template":"","format":"standard","meta":[],"categories":[1],"tags":[],"_links":{"self":[{"href":"https:\/\/iesoreynodenavarra.educacion.navarra.es\/web1\/wp-json\/wp\/v2\/posts\/263"}],"collection":[{"href":"https:\/\/iesoreynodenavarra.educacion.navarra.es\/web1\/wp-json\/wp\/v2\/posts"}],"about":[{"href":"https:\/\/iesoreynodenavarra.educacion.navarra.es\/web1\/wp-json\/wp\/v2\/types\/post"}],"author":[{"embeddable":true,"href":"https:\/\/iesoreynodenavarra.educacion.navarra.es\/web1\/wp-json\/wp\/v2\/users\/2"}],"replies":[{"embeddable":true,"href":"https:\/\/iesoreynodenavarra.educacion.navarra.es\/web1\/wp-json\/wp\/v2\/comments?post=263"}],"version-history":[{"count":0,"href":"https:\/\/iesoreynodenavarra.educacion.navarra.es\/web1\/wp-json\/wp\/v2\/posts\/263\/revisions"}],"wp:featuredmedia":[{"embeddable":true,"href":"https:\/\/iesoreynodenavarra.educacion.navarra.es\/web1\/wp-json\/wp\/v2\/media\/261"}],"wp:attachment":[{"href":"https:\/\/iesoreynodenavarra.educacion.navarra.es\/web1\/wp-json\/wp\/v2\/media?parent=263"}],"wp:term":[{"taxonomy":"category","embeddable":true,"href":"https:\/\/iesoreynodenavarra.educacion.navarra.es\/web1\/wp-json\/wp\/v2\/categories?post=263"},{"taxonomy":"post_tag","embeddable":true,"href":"https:\/\/iesoreynodenavarra.educacion.navarra.es\/web1\/wp-json\/wp\/v2\/tags?post=263"}],"curies":[{"name":"wp","href":"https:\/\/api.w.org\/{rel}","templated":true}]}}