{"id":256,"date":"2015-05-06T12:05:50","date_gmt":"2015-05-06T10:05:50","guid":{"rendered":"https:\/\/iesoreynodenavarra.educacion.navarra.es\/web1\/blog\/2015\/05\/06\/viaje-a-madrid-2\/"},"modified":"2015-05-06T12:05:50","modified_gmt":"2015-05-06T10:05:50","slug":"viaje-a-madrid-2","status":"publish","type":"post","link":"https:\/\/iesoreynodenavarra.educacion.navarra.es\/web1\/blog\/viaje-a-madrid-2\/","title":{"rendered":"Viaje a Madrid"},"content":{"rendered":"<div style=\"text-align: left;\">Los pasados 3 y 4 de Mayo, los alumnos y alumnas de 3\u00ba viajaron a Madrid, donde participaron en la lectura de la Declaraci\u00f3n de los Derechos Humanos, en el Senado.<\/div>\n<div style=\"text-align: left;\">Tambi\u00e9n visitaron el estadio Santiago Bernabeu y el Museo del Prado, adem\u00e1s de hacer un peque\u00f1o recorrido guiado por alguno de los lugares m\u00e1s emblem\u00e1ticos de la capital.<\/div>\n<div style=\"text-align: left;\">&nbsp; &nbsp;<\/div>\n<div style=\"text-align: left;\"><img loading=\"lazy\" class=\" size-full wp-image-254\" src=\"https:\/\/iesoreynodenavarra.educacion.navarra.es\/web1\/wp-content\/uploads\/2015\/05\/ankar-256.jpg\" width=\"500\" height=\"333\" srcset=\"https:\/\/iesoreynodenavarra.educacion.navarra.es\/web1\/wp-content\/uploads\/2015\/05\/ankar-256.jpg 3888w, https:\/\/iesoreynodenavarra.educacion.navarra.es\/web1\/wp-content\/uploads\/2015\/05\/ankar-256-300x200.jpg 300w, https:\/\/iesoreynodenavarra.educacion.navarra.es\/web1\/wp-content\/uploads\/2015\/05\/ankar-256-768x512.jpg 768w, https:\/\/iesoreynodenavarra.educacion.navarra.es\/web1\/wp-content\/uploads\/2015\/05\/ankar-256-1024x683.jpg 1024w\" sizes=\"(max-width: 500px) 100vw, 500px\" \/><img loading=\"lazy\" class=\" size-full wp-image-255\" src=\"https:\/\/iesoreynodenavarra.educacion.navarra.es\/web1\/wp-content\/uploads\/2015\/05\/ankar-407.jpg\" width=\"500\" height=\"333\" srcset=\"https:\/\/iesoreynodenavarra.educacion.navarra.es\/web1\/wp-content\/uploads\/2015\/05\/ankar-407.jpg 3888w, https:\/\/iesoreynodenavarra.educacion.navarra.es\/web1\/wp-content\/uploads\/2015\/05\/ankar-407-300x200.jpg 300w, https:\/\/iesoreynodenavarra.educacion.navarra.es\/web1\/wp-content\/uploads\/2015\/05\/ankar-407-768x512.jpg 768w, https:\/\/iesoreynodenavarra.educacion.navarra.es\/web1\/wp-content\/uploads\/2015\/05\/ankar-407-1024x683.jpg 1024w\" sizes=\"(max-width: 500px) 100vw, 500px\" \/><\/div>\n","protected":false},"excerpt":{"rendered":"<p>Los pasados 3 y 4 de Mayo, los alumnos y alumnas de 3\u00ba viajaron a Madrid, donde participaron en la lectura de la Declaraci\u00f3n de los Derechos Humanos, en el Senado. Tambi\u00e9n visitaron el estadio Santiago Bernabeu y el Museo del Prado, adem\u00e1s de hacer un peque\u00f1o recorrido guiado por alguno de los lugares m\u00e1s &hellip; <a href=\"https:\/\/iesoreynodenavarra.educacion.navarra.es\/web1\/blog\/viaje-a-madrid-2\/\" class=\"more-link\">Seguir leyendo <span class=\"screen-reader-text\">Viaje a Madrid<\/span> <span class=\"meta-nav\">&rarr;<\/span><\/a><\/p>\n","protected":false},"author":2,"featured_media":254,"comment_status":"open","ping_status":"open","sticky":false,"template":"","format":"standard","meta":[],"categories":[1],"tags":[],"_links":{"self":[{"href":"https:\/\/iesoreynodenavarra.educacion.navarra.es\/web1\/wp-json\/wp\/v2\/posts\/256"}],"collection":[{"href":"https:\/\/iesoreynodenavarra.educacion.navarra.es\/web1\/wp-json\/wp\/v2\/posts"}],"about":[{"href":"https:\/\/iesoreynodenavarra.educacion.navarra.es\/web1\/wp-json\/wp\/v2\/types\/post"}],"author":[{"embeddable":true,"href":"https:\/\/iesoreynodenavarra.educacion.navarra.es\/web1\/wp-json\/wp\/v2\/users\/2"}],"replies":[{"embeddable":true,"href":"https:\/\/iesoreynodenavarra.educacion.navarra.es\/web1\/wp-json\/wp\/v2\/comments?post=256"}],"version-history":[{"count":0,"href":"https:\/\/iesoreynodenavarra.educacion.navarra.es\/web1\/wp-json\/wp\/v2\/posts\/256\/revisions"}],"wp:featuredmedia":[{"embeddable":true,"href":"https:\/\/iesoreynodenavarra.educacion.navarra.es\/web1\/wp-json\/wp\/v2\/media\/254"}],"wp:attachment":[{"href":"https:\/\/iesoreynodenavarra.educacion.navarra.es\/web1\/wp-json\/wp\/v2\/media?parent=256"}],"wp:term":[{"taxonomy":"category","embeddable":true,"href":"https:\/\/iesoreynodenavarra.educacion.navarra.es\/web1\/wp-json\/wp\/v2\/categories?post=256"},{"taxonomy":"post_tag","embeddable":true,"href":"https:\/\/iesoreynodenavarra.educacion.navarra.es\/web1\/wp-json\/wp\/v2\/tags?post=256"}],"curies":[{"name":"wp","href":"https:\/\/api.w.org\/{rel}","templated":true}]}}