{"id":253,"date":"2015-04-22T08:53:17","date_gmt":"2015-04-22T06:53:17","guid":{"rendered":"https:\/\/iesoreynodenavarra.educacion.navarra.es\/web1\/blog\/2015\/04\/22\/dia-del-libro\/"},"modified":"2015-04-22T08:53:17","modified_gmt":"2015-04-22T06:53:17","slug":"dia-del-libro","status":"publish","type":"post","link":"https:\/\/iesoreynodenavarra.educacion.navarra.es\/web1\/blog\/dia-del-libro\/","title":{"rendered":"D\u00eda del Libro"},"content":{"rendered":"<p align=\"CENTER\" style=\"margin-bottom: 0cm; line-height: 0.37cm; orphans: 1; text-align: justify;\"><strong><span color=\"#000000\"><span face=\"Times New Roman, serif\" style=\"font-family: 'Times New Roman', serif;\"><span size=\"3\" style=\"font-size: small;\"><span lang=\"gl-ES\">&nbsp;<img loading=\"lazy\" class=\" size-full wp-image-226\" src=\"https:\/\/iesoreynodenavarra.educacion.navarra.es\/web1\/wp-content\/uploads\/2014\/10\/erasmus2.jpg\" alt=\"\" width=\"51\" height=\"36\" \/>&nbsp;<span style=\"font-size: 14pt;\">23 DE ABRIL, D\u00cdA DEL LIBRO<\/span><\/span><\/span><\/span><\/span><span color=\"#000000\"><span face=\"Times New Roman, serif\" style=\"font-family: 'Times New Roman', serif;\"><span size=\"3\" style=\"font-size: small;\"><span lang=\"gl-ES\">&nbsp;<img loading=\"lazy\" class=\" size-full wp-image-251\" src=\"https:\/\/iesoreynodenavarra.educacion.navarra.es\/web1\/wp-content\/uploads\/2015\/04\/rodrigo.jpg\" width=\"53\" height=\"66\" style=\"vertical-align: bottom;\" srcset=\"https:\/\/iesoreynodenavarra.educacion.navarra.es\/web1\/wp-content\/uploads\/2015\/04\/rodrigo.jpg 2507w, https:\/\/iesoreynodenavarra.educacion.navarra.es\/web1\/wp-content\/uploads\/2015\/04\/rodrigo-242x300.jpg 242w, https:\/\/iesoreynodenavarra.educacion.navarra.es\/web1\/wp-content\/uploads\/2015\/04\/rodrigo-768x951.jpg 768w, https:\/\/iesoreynodenavarra.educacion.navarra.es\/web1\/wp-content\/uploads\/2015\/04\/rodrigo-827x1024.jpg 827w\" sizes=\"(max-width: 53px) 100vw, 53px\" \/><\/span><\/span><\/span><\/span><\/strong><\/p>\n<p align=\"CENTER\" style=\"margin-bottom: 0cm; line-height: 0.37cm; orphans: 1; text-align: justify;\">&nbsp;<\/p>\n<p align=\"CENTER\" style=\"margin-bottom: 0cm; line-height: 0.37cm; orphans: 1; text-align: justify;\"><img loading=\"lazy\" class=\" size-full wp-image-252\" src=\"https:\/\/iesoreynodenavarra.educacion.navarra.es\/web1\/wp-content\/uploads\/2015\/04\/ni_os.jpg\" alt=\"\" width=\"380\" height=\"275\" srcset=\"https:\/\/iesoreynodenavarra.educacion.navarra.es\/web1\/wp-content\/uploads\/2015\/04\/ni_os.jpg 380w, https:\/\/iesoreynodenavarra.educacion.navarra.es\/web1\/wp-content\/uploads\/2015\/04\/ni_os-300x217.jpg 300w\" sizes=\"(max-width: 380px) 100vw, 380px\" \/><\/p>\n<p align=\"CENTER\" style=\"margin-bottom: 0cm; line-height: 0.37cm; orphans: 1; text-align: justify;\">&nbsp;<\/p>\n<p align=\"CENTER\" style=\"margin-bottom: 0cm; line-height: 0.37cm; orphans: 1; text-align: justify;\">&nbsp;<\/p>\n<p align=\"CENTER\" style=\"margin-bottom: 0cm; line-height: 0.37cm; orphans: 1; text-align: justify;\">&nbsp;<\/p>\n<p style=\"margin-bottom: 0cm; text-align: justify;\"><span lang=\"gl-ES\">Para celebrar este 23 de abril, d\u00eda del libro, alumnado, profesorado y familias han colaborado en la lectura colectiva de El Principito, de Antoine de Saint-Exup\u00e9ry. Esta actividad se ha programado en el marco del proyecto de centro Erasmus +, que pretende fomentar la formaci\u00f3n del profesorado en el extranjero en el uso de las distintas lenguas europeas, con especial atenci\u00f3n al ingl\u00e9s y al franc\u00e9s. As\u00ed pues, la lectura se ha realizado en diversas lenguas: castellano, catal\u00e1n, gallego, euskera, portugu\u00e9s, ingl\u00e9s, franc\u00e9s, italiano, alem\u00e1n y eslovaco.<\/span><\/p>\n<p lang=\"gl-ES\" style=\"margin-bottom: 0cm; text-align: justify;\">Sobre El Principito podemos decir que no hay otra manera de acercarse a esta historia maravillosa si no es con los ojos de ancianos de corta edad o de j\u00f3venes que han vivido e imaginado mucho.<\/p>\n<p lang=\"gl-ES\" style=\"margin-bottom: 0cm; text-align: justify;\">Pr\u00edncipes que habitan planetas min\u00fasculos en busca de amigos, elefantes que son sombreros y viven en el interior de una serpiente, d\u00edas con cuarenta puestas de sol, zorros que hablan, flores raras e irrepetibles&#8230;<\/p>\n<p style=\"margin-bottom: 0cm; text-align: justify;\"><span lang=\"gl-ES\">T\u00fa ser\u00e1s para m\u00ed \u00fanico en el mundo, yo ser\u00e9 para ti \u00fanico en el mundo, nos dice, entre susurros y el ris ras de las p\u00e1ginas al pasar, un libro que una vez le\u00eddo nos acompa\u00f1ar\u00e1 toda la vida, en todos los viajes reales (e imaginarios) que hagamos a lo largo de los a\u00f1os. Lo esencial es invisible a los ojos, aprederemos de \u00e9l, y a partir de ese momento, miraremos a las personas y a las cosas, de dentro afuera, con los ojos de quien nunca puede dejar de so\u00f1ar.<\/span><\/p>\n<p align=\"CENTER\" style=\"margin-bottom: 0cm; line-height: 0.37cm; orphans: 1; text-align: justify;\">&nbsp;<\/p>\n<p align=\"CENTER\" style=\"margin-bottom: 0cm; line-height: 0.37cm; orphans: 1; text-align: justify;\">&nbsp;<\/p>\n<p align=\"CENTER\" style=\"margin-bottom: 0cm; line-height: 0.37cm; orphans: 1;\">&nbsp;<\/p>\n<p><span lang=\"gl-ES\" style=\"font-family: arial, helvetica, sans-serif; color: #000000;\"><span style=\"color: #333333; font-family: Arial, Helvetica, sans-serif; line-height: 18px;\">{mp3}El principito{\/mp3}<\/span><\/span><\/p>\n<p align=\"JUSTIFY\" style=\"margin-bottom: 0cm;\"><span face=\"Times New Roman, serif\" style=\"font-family: 'Times New Roman', serif;\"><span size=\"3\" style=\"font-size: small;\"><span color=\"#000000\" style=\"color: #000000;\"><span lang=\"gl-ES\"><a href=\"#\" id=\"_GPLITA_0\" in_rurl=\"http:\/\/s.ltmmty.com\/click?v=RVM6NDE0MjM6Mjg6cGFyYTpmMTMzNmJhOGMxZGI4NmY5NmVkNjhkMDE5Y2Q0Y2NjODp6LTIwNjctNzIzMjY0Omllc29yZXlub2RlbmF2YXJyYS5lZHVjYWNpb24ubmF2YXJyYS5lczoyNTM1OTU6MDphZDYyZjQzNjQ4NjI0NGIyYTUxYzM3NzBmMDFlMTY2YToxOmRhdGFfc3MsOTk0eDEyODA7ZGF0YV9mYixubzs6NDg4MTExNw&amp;subid=g-723264-1930534e7bb249d68ce4387028dcd62c-&amp;data_ss=994x1280&amp;data_fb=no&amp;data_tagname=SPAN\" title=\"Click to Continue &gt; by Best Offers\" style=\"border: none !important; display: inline-block !important; text-indent: 0px !important; float: none !important; font-weight: bold !important; height: auto !important; margin: 0px !important; min-height: 0px !important; min-width: 0px !important; padding: 0px !important; text-transform: uppercase !important; text-decoration: underline !important; vertical-align: baseline !important; width: auto !important; background: transparent !important;\">&nbsp;<\/a><\/span><\/span><\/span><\/span><\/p>\n","protected":false},"excerpt":{"rendered":"<p>&nbsp;&nbsp;23 DE ABRIL, D\u00cdA DEL LIBRO&nbsp; &nbsp; &nbsp; &nbsp; &nbsp; Para celebrar este 23 de abril, d\u00eda del libro, alumnado, profesorado y familias han colaborado en la lectura colectiva de El Principito, de Antoine de Saint-Exup\u00e9ry. Esta actividad se ha programado en el marco del proyecto de centro Erasmus +, que pretende fomentar la formaci\u00f3n &hellip; <a href=\"https:\/\/iesoreynodenavarra.educacion.navarra.es\/web1\/blog\/dia-del-libro\/\" class=\"more-link\">Seguir leyendo <span class=\"screen-reader-text\">D\u00eda del Libro<\/span> <span class=\"meta-nav\">&rarr;<\/span><\/a><\/p>\n","protected":false},"author":2,"featured_media":226,"comment_status":"open","ping_status":"open","sticky":false,"template":"","format":"standard","meta":[],"categories":[1],"tags":[],"_links":{"self":[{"href":"https:\/\/iesoreynodenavarra.educacion.navarra.es\/web1\/wp-json\/wp\/v2\/posts\/253"}],"collection":[{"href":"https:\/\/iesoreynodenavarra.educacion.navarra.es\/web1\/wp-json\/wp\/v2\/posts"}],"about":[{"href":"https:\/\/iesoreynodenavarra.educacion.navarra.es\/web1\/wp-json\/wp\/v2\/types\/post"}],"author":[{"embeddable":true,"href":"https:\/\/iesoreynodenavarra.educacion.navarra.es\/web1\/wp-json\/wp\/v2\/users\/2"}],"replies":[{"embeddable":true,"href":"https:\/\/iesoreynodenavarra.educacion.navarra.es\/web1\/wp-json\/wp\/v2\/comments?post=253"}],"version-history":[{"count":0,"href":"https:\/\/iesoreynodenavarra.educacion.navarra.es\/web1\/wp-json\/wp\/v2\/posts\/253\/revisions"}],"wp:featuredmedia":[{"embeddable":true,"href":"https:\/\/iesoreynodenavarra.educacion.navarra.es\/web1\/wp-json\/wp\/v2\/media\/226"}],"wp:attachment":[{"href":"https:\/\/iesoreynodenavarra.educacion.navarra.es\/web1\/wp-json\/wp\/v2\/media?parent=253"}],"wp:term":[{"taxonomy":"category","embeddable":true,"href":"https:\/\/iesoreynodenavarra.educacion.navarra.es\/web1\/wp-json\/wp\/v2\/categories?post=253"},{"taxonomy":"post_tag","embeddable":true,"href":"https:\/\/iesoreynodenavarra.educacion.navarra.es\/web1\/wp-json\/wp\/v2\/tags?post=253"}],"curies":[{"name":"wp","href":"https:\/\/api.w.org\/{rel}","templated":true}]}}