{"id":247,"date":"2015-03-16T12:13:29","date_gmt":"2015-03-16T11:13:29","guid":{"rendered":"https:\/\/iesoreynodenavarra.educacion.navarra.es\/web1\/blog\/2015\/03\/16\/san-valentin\/"},"modified":"2015-03-16T12:13:29","modified_gmt":"2015-03-16T11:13:29","slug":"san-valentin","status":"publish","type":"post","link":"https:\/\/iesoreynodenavarra.educacion.navarra.es\/web1\/blog\/san-valentin\/","title":{"rendered":"San Valent\u00edn"},"content":{"rendered":"<div style=\"text-align: justify;\">El pasado 20 de febrero celebramos el acto de entrega de premios de los relatos de San Valent\u00edn. Este a\u00f1o con la novedad de la participaci\u00f3n de nuestros compa\u00f1eros del Instituto Broch i Lop de Vila-Real. Ten\u00e9is los relatos ganadores y un v\u00eddeo del acto en el blog conjunto de los dos centros,&nbsp;<a href=\"http:\/\/estamosintegrados.blogspot.com.es\/p\/ieso-reyno-de-navarra-azagra_4.html\">http:\/\/estamosintegrados.blogspot.com.es\/p\/ieso-reyno-de-navarra-azagra_4.html<\/a>. En este blog colgaremos las diferentes actividades que realicemos conjuntamente, dentro del programa INTEGRADOS.<\/div>\n<div style=\"text-align: justify;\">&nbsp;<\/div>\n<div style=\"text-align: justify;\"><img loading=\"lazy\" class=\" size-full wp-image-246\" src=\"https:\/\/iesoreynodenavarra.educacion.navarra.es\/web1\/wp-content\/uploads\/2015\/03\/sanvalentn.jpg\" width=\"500\" height=\"268\" srcset=\"https:\/\/iesoreynodenavarra.educacion.navarra.es\/web1\/wp-content\/uploads\/2015\/03\/sanvalentn.jpg 3363w, https:\/\/iesoreynodenavarra.educacion.navarra.es\/web1\/wp-content\/uploads\/2015\/03\/sanvalentn-300x161.jpg 300w, https:\/\/iesoreynodenavarra.educacion.navarra.es\/web1\/wp-content\/uploads\/2015\/03\/sanvalentn-768x412.jpg 768w, https:\/\/iesoreynodenavarra.educacion.navarra.es\/web1\/wp-content\/uploads\/2015\/03\/sanvalentn-1024x549.jpg 1024w\" sizes=\"(max-width: 500px) 100vw, 500px\" \/><\/div>\n","protected":false},"excerpt":{"rendered":"<p>El pasado 20 de febrero celebramos el acto de entrega de premios de los relatos de San Valent\u00edn. Este a\u00f1o con la novedad de la participaci\u00f3n de nuestros compa\u00f1eros del Instituto Broch i Lop de Vila-Real. Ten\u00e9is los relatos ganadores y un v\u00eddeo del acto en el blog conjunto de los dos centros,&nbsp;http:\/\/estamosintegrados.blogspot.com.es\/p\/ieso-reyno-de-navarra-azagra_4.html. En este &hellip; <a href=\"https:\/\/iesoreynodenavarra.educacion.navarra.es\/web1\/blog\/san-valentin\/\" class=\"more-link\">Seguir leyendo <span class=\"screen-reader-text\">San Valent\u00edn<\/span> <span class=\"meta-nav\">&rarr;<\/span><\/a><\/p>\n","protected":false},"author":2,"featured_media":246,"comment_status":"open","ping_status":"open","sticky":false,"template":"","format":"standard","meta":[],"categories":[1],"tags":[],"_links":{"self":[{"href":"https:\/\/iesoreynodenavarra.educacion.navarra.es\/web1\/wp-json\/wp\/v2\/posts\/247"}],"collection":[{"href":"https:\/\/iesoreynodenavarra.educacion.navarra.es\/web1\/wp-json\/wp\/v2\/posts"}],"about":[{"href":"https:\/\/iesoreynodenavarra.educacion.navarra.es\/web1\/wp-json\/wp\/v2\/types\/post"}],"author":[{"embeddable":true,"href":"https:\/\/iesoreynodenavarra.educacion.navarra.es\/web1\/wp-json\/wp\/v2\/users\/2"}],"replies":[{"embeddable":true,"href":"https:\/\/iesoreynodenavarra.educacion.navarra.es\/web1\/wp-json\/wp\/v2\/comments?post=247"}],"version-history":[{"count":0,"href":"https:\/\/iesoreynodenavarra.educacion.navarra.es\/web1\/wp-json\/wp\/v2\/posts\/247\/revisions"}],"wp:featuredmedia":[{"embeddable":true,"href":"https:\/\/iesoreynodenavarra.educacion.navarra.es\/web1\/wp-json\/wp\/v2\/media\/246"}],"wp:attachment":[{"href":"https:\/\/iesoreynodenavarra.educacion.navarra.es\/web1\/wp-json\/wp\/v2\/media?parent=247"}],"wp:term":[{"taxonomy":"category","embeddable":true,"href":"https:\/\/iesoreynodenavarra.educacion.navarra.es\/web1\/wp-json\/wp\/v2\/categories?post=247"},{"taxonomy":"post_tag","embeddable":true,"href":"https:\/\/iesoreynodenavarra.educacion.navarra.es\/web1\/wp-json\/wp\/v2\/tags?post=247"}],"curies":[{"name":"wp","href":"https:\/\/api.w.org\/{rel}","templated":true}]}}