{"id":242,"date":"2015-01-20T11:15:07","date_gmt":"2015-01-20T10:15:07","guid":{"rendered":"https:\/\/iesoreynodenavarra.educacion.navarra.es\/web1\/blog\/2015\/01\/20\/proyecto-combinar\/"},"modified":"2015-01-20T11:15:07","modified_gmt":"2015-01-20T10:15:07","slug":"proyecto-combinar","status":"publish","type":"post","link":"https:\/\/iesoreynodenavarra.educacion.navarra.es\/web1\/blog\/proyecto-combinar\/","title":{"rendered":"Proyecto COMBINAR"},"content":{"rendered":"<div>\n<p style=\"margin: 64.5pt 0cm 0.0001pt; line-height: 21.75pt;\"><strong><strong><\/strong><\/strong><strong><span style=\"text-decoration: underline;\"><span style=\"font-size: 18pt; font-family: Arial, sans-serif; color: blue;\"><a href=\"http:\/\/dpto.educacion.navarra.es\/boletin\/docs\/AZAGRAcombinareu.pdf\"><span style=\"color: blue;\"><img class=\" size-full wp-image-241\" src=\"https:\/\/iesoreynodenavarra.educacion.navarra.es\/web1\/wp-content\/uploads\/2015\/01\/sin%20ttulo.jpg\" alt=\"\" \/><br width=\"259\" height=\"79\" \/> <\/span><\/a><\/span><\/span><\/strong><\/p>\n<p style=\"margin-bottom: 0.0001pt; text-align: justify; line-height: 24pt;\"><strong><span style=\"font-size: 19pt; font-family: Arial, sans-serif; color: #333399;\">El I.E.S.O<\/span><\/strong><strong><span style=\"font-size: 19pt; font-family: Arial, sans-serif; color: #333399;\">&nbsp;<i>Reyno de Navarra&nbsp;<\/i><\/span><\/strong><strong><span style=\"font-size: 19pt; font-family: Arial, sans-serif; color: #333399;\">de Azagra, dotado con 20.000 euros para desarrollar el proyecto \u201cCompetencias clave siglo XXI\u201d.<\/span><\/strong><\/p>\n<p style=\"text-align: justify;\">Nuestro Centro ha participado recientemente en la convocatoria de ayudas para el dise\u00f1o y aplicaci\u00f3n de proyectos de mejora del aprendizaje del alumnado por agrupaciones de colaboraci\u00f3n profesional entre centros p\u00fablicos de diferentes comunidades o ciudades aut\u00f3nomas. Su proyecto titulado&nbsp;<strong>\u201cCompetencias Clave siglo XXI\u201d&nbsp;<\/strong>ha sido seleccionado, y el Ministerio de Educaci\u00f3n ha estimado pertinente dotar al proyecto con una financiaci\u00f3n de 20.000 euros.<strong><\/strong>El centro de Azagra coordinar\u00e1 el proyecto y trabajar\u00e1 sobre las competencias conjuntamente con el IES&nbsp;<i>Profesor Broch i LLop&nbsp;<\/i>de Vila Real. <strong><\/strong><span>L<\/span>os dos centros cuentan ya con una dilatada trayectoria de actividades conjuntas, con unos intercambios que se remontan ya a a\u00f1os anteriores.<\/p>\n<p style=\"text-align: justify;\">El proyecto&nbsp;<strong>Competencias clave siglo XXI&nbsp;<\/strong>se basa en cuatro pilares fundamentales:&nbsp;<strong>el biling\u00fcismo, la proyecci\u00f3n laboral, el medio ambiente y la implicaci\u00f3n con las familias<\/strong>. Los v\u00eddeos de presentaci\u00f3n de las distintas localidades en ingl\u00e9s, los programas de&nbsp;<i>Labor Eso,&nbsp;<\/i>la interpretaci\u00f3n de los distintos consumos de luz y gas de los dos centros y el reciclaje ser\u00e1n, entre otras, las actividades planteadas dentro del proyecto.<\/p>\n<p style=\"text-align: justify;\">Durante el a\u00f1o 2015 todas las actividades se registrar\u00e1n en un blog en el que se intercambiar\u00e1n tambi\u00e9n las impresiones de los distintos profesores y centros.<\/p>\n<p style=\"text-align: justify;\">El IESO&nbsp;<i>Reyno de Navarra&nbsp;<\/i>de Azagra est\u00e1 participando en el programa formativo de integraci\u00f3n de las competencias b\u00e1sicas COMBINAR, que en sus dos fases re\u00fane a casi 40 centros de la Comunidad Foral. De esa l\u00ednea de trabajo y del convencimiento de la necesidad de trabajar por competencias surge este premiado proyecto.<\/p>\n<\/p><\/div>\n","protected":false},"excerpt":{"rendered":"<p>El I.E.S.O&nbsp;Reyno de Navarra&nbsp;de Azagra, dotado con 20.000 euros para desarrollar el proyecto \u201cCompetencias clave siglo XXI\u201d. Nuestro Centro ha participado recientemente en la convocatoria de ayudas para el dise\u00f1o y aplicaci\u00f3n de proyectos de mejora del aprendizaje del alumnado por agrupaciones de colaboraci\u00f3n profesional entre centros p\u00fablicos de diferentes comunidades o ciudades aut\u00f3nomas. Su &hellip; <a href=\"https:\/\/iesoreynodenavarra.educacion.navarra.es\/web1\/blog\/proyecto-combinar\/\" class=\"more-link\">Seguir leyendo <span class=\"screen-reader-text\">Proyecto COMBINAR<\/span> <span class=\"meta-nav\">&rarr;<\/span><\/a><\/p>\n","protected":false},"author":2,"featured_media":241,"comment_status":"open","ping_status":"open","sticky":false,"template":"","format":"standard","meta":[],"categories":[1],"tags":[],"_links":{"self":[{"href":"https:\/\/iesoreynodenavarra.educacion.navarra.es\/web1\/wp-json\/wp\/v2\/posts\/242"}],"collection":[{"href":"https:\/\/iesoreynodenavarra.educacion.navarra.es\/web1\/wp-json\/wp\/v2\/posts"}],"about":[{"href":"https:\/\/iesoreynodenavarra.educacion.navarra.es\/web1\/wp-json\/wp\/v2\/types\/post"}],"author":[{"embeddable":true,"href":"https:\/\/iesoreynodenavarra.educacion.navarra.es\/web1\/wp-json\/wp\/v2\/users\/2"}],"replies":[{"embeddable":true,"href":"https:\/\/iesoreynodenavarra.educacion.navarra.es\/web1\/wp-json\/wp\/v2\/comments?post=242"}],"version-history":[{"count":0,"href":"https:\/\/iesoreynodenavarra.educacion.navarra.es\/web1\/wp-json\/wp\/v2\/posts\/242\/revisions"}],"wp:featuredmedia":[{"embeddable":true,"href":"https:\/\/iesoreynodenavarra.educacion.navarra.es\/web1\/wp-json\/wp\/v2\/media\/241"}],"wp:attachment":[{"href":"https:\/\/iesoreynodenavarra.educacion.navarra.es\/web1\/wp-json\/wp\/v2\/media?parent=242"}],"wp:term":[{"taxonomy":"category","embeddable":true,"href":"https:\/\/iesoreynodenavarra.educacion.navarra.es\/web1\/wp-json\/wp\/v2\/categories?post=242"},{"taxonomy":"post_tag","embeddable":true,"href":"https:\/\/iesoreynodenavarra.educacion.navarra.es\/web1\/wp-json\/wp\/v2\/tags?post=242"}],"curies":[{"name":"wp","href":"https:\/\/api.w.org\/{rel}","templated":true}]}}