{"id":236,"date":"2014-12-16T10:53:09","date_gmt":"2014-12-16T09:53:09","guid":{"rendered":"https:\/\/iesoreynodenavarra.educacion.navarra.es\/web1\/blog\/2014\/12\/16\/intercambio\/"},"modified":"2014-12-16T10:53:09","modified_gmt":"2014-12-16T09:53:09","slug":"intercambio","status":"publish","type":"post","link":"https:\/\/iesoreynodenavarra.educacion.navarra.es\/web1\/blog\/intercambio\/","title":{"rendered":"Intercambio"},"content":{"rendered":"<div style=\"text-align: justify;\"><span style=\"text-decoration: underline; font-size: 14pt;\"><strong>Intercambio con Francia<\/strong><\/span><\/div>\n<div>&nbsp;<\/div>\n<div>&nbsp;<\/div>\n<div><img loading=\"lazy\" class=\" size-full wp-image-235\" src=\"https:\/\/iesoreynodenavarra.educacion.navarra.es\/web1\/wp-content\/uploads\/2014\/12\/intercambio.jpg\" width=\"300\" height=\"450\" srcset=\"https:\/\/iesoreynodenavarra.educacion.navarra.es\/web1\/wp-content\/uploads\/2014\/12\/intercambio.jpg 2592w, https:\/\/iesoreynodenavarra.educacion.navarra.es\/web1\/wp-content\/uploads\/2014\/12\/intercambio-200x300.jpg 200w, https:\/\/iesoreynodenavarra.educacion.navarra.es\/web1\/wp-content\/uploads\/2014\/12\/intercambio-768x1152.jpg 768w, https:\/\/iesoreynodenavarra.educacion.navarra.es\/web1\/wp-content\/uploads\/2014\/12\/intercambio-683x1024.jpg 683w\" sizes=\"(max-width: 300px) 100vw, 300px\" \/><\/div>\n<div>&nbsp;<\/div>\n<div style=\"text-align: justify;\">Nuestra compa\u00f1era Beatriz Beriain Corroza, de 3\u00ba de la ESO y Melanie Rousselle han compartido un proyecto de intercambio impulsado por el departamento de Educaci\u00f3n. Beatriz estuvo los dos primeros meses del curso en la localidad francesa de Floriac, en la regi\u00f3n de Burdeos, y Melanie est\u00e1 con nosotros desde Noviembre. La experiencia, nos cuentan, ha sido muy positiva y adem\u00e1s de conocer otras costumbres, idioma, estudios, familia, amigos,&#8230; han forjado una amistad que esperan continuar en el futuro.<\/div>\n","protected":false},"excerpt":{"rendered":"<p>Intercambio con Francia &nbsp; &nbsp; &nbsp; Nuestra compa\u00f1era Beatriz Beriain Corroza, de 3\u00ba de la ESO y Melanie Rousselle han compartido un proyecto de intercambio impulsado por el departamento de Educaci\u00f3n. Beatriz estuvo los dos primeros meses del curso en la localidad francesa de Floriac, en la regi\u00f3n de Burdeos, y Melanie est\u00e1 con nosotros &hellip; <a href=\"https:\/\/iesoreynodenavarra.educacion.navarra.es\/web1\/blog\/intercambio\/\" class=\"more-link\">Seguir leyendo <span class=\"screen-reader-text\">Intercambio<\/span> <span class=\"meta-nav\">&rarr;<\/span><\/a><\/p>\n","protected":false},"author":2,"featured_media":235,"comment_status":"open","ping_status":"open","sticky":false,"template":"","format":"standard","meta":[],"categories":[1],"tags":[],"_links":{"self":[{"href":"https:\/\/iesoreynodenavarra.educacion.navarra.es\/web1\/wp-json\/wp\/v2\/posts\/236"}],"collection":[{"href":"https:\/\/iesoreynodenavarra.educacion.navarra.es\/web1\/wp-json\/wp\/v2\/posts"}],"about":[{"href":"https:\/\/iesoreynodenavarra.educacion.navarra.es\/web1\/wp-json\/wp\/v2\/types\/post"}],"author":[{"embeddable":true,"href":"https:\/\/iesoreynodenavarra.educacion.navarra.es\/web1\/wp-json\/wp\/v2\/users\/2"}],"replies":[{"embeddable":true,"href":"https:\/\/iesoreynodenavarra.educacion.navarra.es\/web1\/wp-json\/wp\/v2\/comments?post=236"}],"version-history":[{"count":0,"href":"https:\/\/iesoreynodenavarra.educacion.navarra.es\/web1\/wp-json\/wp\/v2\/posts\/236\/revisions"}],"wp:featuredmedia":[{"embeddable":true,"href":"https:\/\/iesoreynodenavarra.educacion.navarra.es\/web1\/wp-json\/wp\/v2\/media\/235"}],"wp:attachment":[{"href":"https:\/\/iesoreynodenavarra.educacion.navarra.es\/web1\/wp-json\/wp\/v2\/media?parent=236"}],"wp:term":[{"taxonomy":"category","embeddable":true,"href":"https:\/\/iesoreynodenavarra.educacion.navarra.es\/web1\/wp-json\/wp\/v2\/categories?post=236"},{"taxonomy":"post_tag","embeddable":true,"href":"https:\/\/iesoreynodenavarra.educacion.navarra.es\/web1\/wp-json\/wp\/v2\/tags?post=236"}],"curies":[{"name":"wp","href":"https:\/\/api.w.org\/{rel}","templated":true}]}}