{"id":234,"date":"2014-11-19T09:12:51","date_gmt":"2014-11-19T08:12:51","guid":{"rendered":"https:\/\/iesoreynodenavarra.educacion.navarra.es\/web1\/blog\/2014\/11\/19\/ganador-de-la-cesta\/"},"modified":"2014-11-19T09:12:51","modified_gmt":"2014-11-19T08:12:51","slug":"ganador-de-la-cesta","status":"publish","type":"post","link":"https:\/\/iesoreynodenavarra.educacion.navarra.es\/web1\/blog\/ganador-de-la-cesta\/","title":{"rendered":"Ganador de la cesta"},"content":{"rendered":"<div><img loading=\"lazy\" class=\" size-full wp-image-233\" src=\"https:\/\/iesoreynodenavarra.educacion.navarra.es\/web1\/wp-content\/uploads\/2014\/11\/sorteocesta.jpg\" width=\"500\" height=\"436\" srcset=\"https:\/\/iesoreynodenavarra.educacion.navarra.es\/web1\/wp-content\/uploads\/2014\/11\/sorteocesta.jpg 2643w, https:\/\/iesoreynodenavarra.educacion.navarra.es\/web1\/wp-content\/uploads\/2014\/11\/sorteocesta-300x262.jpg 300w, https:\/\/iesoreynodenavarra.educacion.navarra.es\/web1\/wp-content\/uploads\/2014\/11\/sorteocesta-768x670.jpg 768w, https:\/\/iesoreynodenavarra.educacion.navarra.es\/web1\/wp-content\/uploads\/2014\/11\/sorteocesta-1024x894.jpg 1024w\" sizes=\"(max-width: 500px) 100vw, 500px\" \/><\/div>\n<div style=\"text-align: justify;\">&nbsp;<\/div>\n<div>El n\u00famero ganador del sorteo de la cesta ha sido el <span style=\"font-size: 12pt;\"><strong>4580<\/strong><\/span>. El sorteo se celebr\u00f3 en el sal\u00f3n&nbsp;de actos del Centro, el martes 18 de Noviembre. En la foto, el agraciado, Carlos Ulibarrena,&nbsp;con el Director, Jes\u00fas Garc\u00eda.<\/div>\n","protected":false},"excerpt":{"rendered":"<p>&nbsp; El n\u00famero ganador del sorteo de la cesta ha sido el 4580. El sorteo se celebr\u00f3 en el sal\u00f3n&nbsp;de actos del Centro, el martes 18 de Noviembre. En la foto, el agraciado, Carlos Ulibarrena,&nbsp;con el Director, Jes\u00fas Garc\u00eda.<\/p>\n","protected":false},"author":2,"featured_media":233,"comment_status":"open","ping_status":"open","sticky":false,"template":"","format":"standard","meta":[],"categories":[1],"tags":[],"_links":{"self":[{"href":"https:\/\/iesoreynodenavarra.educacion.navarra.es\/web1\/wp-json\/wp\/v2\/posts\/234"}],"collection":[{"href":"https:\/\/iesoreynodenavarra.educacion.navarra.es\/web1\/wp-json\/wp\/v2\/posts"}],"about":[{"href":"https:\/\/iesoreynodenavarra.educacion.navarra.es\/web1\/wp-json\/wp\/v2\/types\/post"}],"author":[{"embeddable":true,"href":"https:\/\/iesoreynodenavarra.educacion.navarra.es\/web1\/wp-json\/wp\/v2\/users\/2"}],"replies":[{"embeddable":true,"href":"https:\/\/iesoreynodenavarra.educacion.navarra.es\/web1\/wp-json\/wp\/v2\/comments?post=234"}],"version-history":[{"count":0,"href":"https:\/\/iesoreynodenavarra.educacion.navarra.es\/web1\/wp-json\/wp\/v2\/posts\/234\/revisions"}],"wp:featuredmedia":[{"embeddable":true,"href":"https:\/\/iesoreynodenavarra.educacion.navarra.es\/web1\/wp-json\/wp\/v2\/media\/233"}],"wp:attachment":[{"href":"https:\/\/iesoreynodenavarra.educacion.navarra.es\/web1\/wp-json\/wp\/v2\/media?parent=234"}],"wp:term":[{"taxonomy":"category","embeddable":true,"href":"https:\/\/iesoreynodenavarra.educacion.navarra.es\/web1\/wp-json\/wp\/v2\/categories?post=234"},{"taxonomy":"post_tag","embeddable":true,"href":"https:\/\/iesoreynodenavarra.educacion.navarra.es\/web1\/wp-json\/wp\/v2\/tags?post=234"}],"curies":[{"name":"wp","href":"https:\/\/api.w.org\/{rel}","templated":true}]}}