{"id":229,"date":"2014-10-14T10:19:25","date_gmt":"2014-10-14T08:19:25","guid":{"rendered":"https:\/\/iesoreynodenavarra.educacion.navarra.es\/web1\/blog\/2014\/10\/14\/erasmus\/"},"modified":"2014-10-14T10:19:25","modified_gmt":"2014-10-14T08:19:25","slug":"erasmus","status":"publish","type":"post","link":"https:\/\/iesoreynodenavarra.educacion.navarra.es\/web1\/blog\/erasmus\/","title":{"rendered":"erasmus+"},"content":{"rendered":"<p align=\"JUSTIFY\" style=\"margin-bottom: 0cm; line-height: 150%; text-align: center;\"><img loading=\"lazy\" class=\" size-full wp-image-226\" src=\"https:\/\/iesoreynodenavarra.educacion.navarra.es\/web1\/wp-content\/uploads\/2014\/10\/erasmus2.jpg\" alt=\"\" width=\"150\" height=\"107\" \/>&nbsp;<\/p>\n<p align=\"JUSTIFY\" style=\"margin-bottom: 0cm; line-height: 150%;\">&nbsp;<\/p>\n<p align=\"JUSTIFY\" style=\"margin-bottom: 0cm; line-height: 150%;\">A finales de Junio de 2014 le fue concedido a nuestro centro IESO Reyno de Navarra <strong>un<\/strong> <strong>proyecto europeo Erasmus + <\/strong>para<\/p>\n<p align=\"JUSTIFY\" style=\"margin-bottom: 0cm; line-height: 150%;\">la formaci\u00f3n del profesorado y alumnado durante el curso 2014\/2015. El&nbsp;Parlamento Europeo aprob\u00f3 en enero de 2014 el programa&nbsp;<\/p>\n<p align=\"JUSTIFY\" style=\"margin-bottom: 0cm; line-height: 150%;\">Erasmus&nbsp;+ para el per\u00edodo 2014-2020 en el que se incluyen movilidades internacionales. Nuestro proyecto: <strong>Azagra trilangue <\/strong>estar\u00e1<\/p>\n<p align=\"JUSTIFY\" style=\"margin-bottom: 0cm; line-height: 150%;\">dirigido a todos los profesores y alumnos del centro<strong> <\/strong>y se coordinar\u00e1 desde los departamentos de lengua, idiomas, m\u00fasica,<\/p>\n<p align=\"JUSTIFY\" style=\"margin-bottom: 0cm; line-height: 150%;\">educaci\u00f3n f\u00edsica y tecnolog\u00eda, quienes viajar\u00e1n a <strong>Reino Unido <\/strong>y<strong> Francia<\/strong> para formarse.<strong><\/strong><\/p>\n<p align=\"JUSTIFY\" style=\"margin-bottom: 0cm; line-height: 150%;\">&nbsp;<\/p>\n<p align=\"JUSTIFY\" style=\"margin-bottom: 0cm; line-height: 150%;\">El nuevo programa Erasmus + se enmarca en la estrategia Europa 2020, en la estrategia Educaci\u00f3n y Formaci\u00f3n 2020 y en<\/p>\n<p align=\"JUSTIFY\" style=\"margin-bottom: 0cm; line-height: 150%;\">la estrategia Rethinking&nbsp;Education&nbsp;y engloba todas las iniciativas de educaci\u00f3n, formaci\u00f3n, juventud y deporte.<\/p>\n<p align=\"JUSTIFY\" style=\"margin-bottom: 0cm; line-height: 150%;\">&nbsp;<\/p>\n<p align=\"JUSTIFY\" style=\"margin-bottom: 0cm; line-height: 150%;\">En materia educativa abarca todos los niveles: escolar,&nbsp;formaci\u00f3n profesional, ense\u00f1anza superior y formaci\u00f3n de personas&nbsp;adultas.<\/p>\n<p align=\"JUSTIFY\" style=\"margin-bottom: 0cm; line-height: 150%;\">&nbsp;<\/p>\n<p align=\"JUSTIFY\" style=\"margin-bottom: 0cm; line-height: 150%;\">Erasmus + integrar\u00e1 los programas existentes en el Programa de Aprendizaje Permanente y tambi\u00e9n los&nbsp;programas de<\/p>\n<p align=\"JUSTIFY\" style=\"margin-bottom: 0cm; line-height: 150%;\">educaci\u00f3n&nbsp;superior internacional: Mundus, Tempus, ALFA, Edulink y programas bilaterales, adem\u00e1s del Programa Juventud en Acci\u00f3n.<\/p>\n<p align=\"JUSTIFY\" style=\"margin-bottom: 0cm; line-height: 150%;\">&nbsp;<\/p>\n<p align=\"JUSTIFY\" style=\"margin-bottom: 0cm; line-height: 150%;\">Este nuevo programa se centra en el aprendizaje formal e informal m\u00e1s all\u00e1 de las fronteras de la UE, con una clara<\/p>\n<p align=\"JUSTIFY\" style=\"margin-bottom: 0cm; line-height: 150%;\">vocaci\u00f3n de internacionalizaci\u00f3n abri\u00e9ndose a terceros pa\u00edses con el objetivo de mejorar las capacidades educativas y formativas<\/p>\n<p align=\"JUSTIFY\" style=\"margin-bottom: 0cm; line-height: 150%;\">de las personas para la empleabilidad de estudiantes, profesorado y trabajadores y trabajadoras<\/p>\n<p style=\"margin-bottom: 0cm;\">&nbsp;<\/p>\n<p style=\"margin-bottom: 0cm;\">En los siguientes enlaces podr\u00e1s conocer un poco m\u00e1s del nuevo programa.<\/p>\n<p style=\"margin-bottom: 0cm;\">&nbsp;<\/p>\n<p align=\"LEFT\" style=\"margin-bottom: 0cm; line-height: 0.48cm;\"><a href=\"https:\/\/www.youtube.com\/watch?v=KrgFPqQ7AyA\"><\/a><a href=\"https:\/\/www.youtube.com\/watch?v=KrgFPqQ7AyA\">https:\/\/www.youtube.com\/watch?v=KrgFPqQ7AyA<\/a><\/p>\n<p align=\"LEFT\" style=\"margin-bottom: 0cm; line-height: 0.48cm;\"><a href=\"https:\/\/www.youtube.com\/watch?v=35XnAlVYGf\"><\/a><a href=\"https:\/\/www.youtube.com\/watch?v=35XnAlVYGf\">https:\/\/www.youtube.com\/watch?v=35XnAlVYGf<\/a><\/p>\n<p align=\"LEFT\" style=\"margin-bottom: 0cm; line-height: 0.48cm;\">&nbsp;<\/p>\n<p>  <!--more-->  <\/p>\n<p>&nbsp;<\/p>\n<h4 align=\"LEFT\" style=\"margin-bottom: 0cm; line-height: 0.48cm; text-align: center;\"><span color=\"#0084d1\" style=\"color: #0084d1;\">EUROPEAN DAY OF LANGUAGES<\/span><\/h4>\n<p align=\"LEFT\" style=\"margin-bottom: 0cm; line-height: 0.48cm;\"><span color=\"#0084d1\" style=\"color: #0084d1;\">&nbsp;<\/span><\/p>\n<p align=\"LEFT\" style=\"margin-bottom: 0cm; line-height: 0.48cm; text-align: center;\"><span color=\"#0084d1\" style=\"color: #0084d1;\"><img loading=\"lazy\" class=\" size-full wp-image-227\" src=\"https:\/\/iesoreynodenavarra.educacion.navarra.es\/web1\/wp-content\/uploads\/2014\/10\/erasmus1.jpg\" alt=\"\" width=\"507\" height=\"169\" srcset=\"https:\/\/iesoreynodenavarra.educacion.navarra.es\/web1\/wp-content\/uploads\/2014\/10\/erasmus1.jpg 1134w, https:\/\/iesoreynodenavarra.educacion.navarra.es\/web1\/wp-content\/uploads\/2014\/10\/erasmus1-300x100.jpg 300w, https:\/\/iesoreynodenavarra.educacion.navarra.es\/web1\/wp-content\/uploads\/2014\/10\/erasmus1-768x256.jpg 768w, https:\/\/iesoreynodenavarra.educacion.navarra.es\/web1\/wp-content\/uploads\/2014\/10\/erasmus1-1024x341.jpg 1024w\" sizes=\"(max-width: 507px) 100vw, 507px\" \/><\/span><\/p>\n<p align=\"LEFT\" style=\"margin-bottom: 0cm; line-height: 0.48cm;\">&nbsp;<\/p>\n<p align=\"LEFT\" style=\"margin-bottom: 0cm; line-height: 150%;\">&nbsp;<\/p>\n<p align=\"LEFT\" style=\"margin-bottom: 0cm; line-height: 150%;\">Para celebrar el d\u00eda europeo de las lenguas y en el marco de las actividades del proyecto <span color=\"#0084d1\" style=\"color: #0084d1;\">Erasmus+<\/span>, el <strong>viernes 26 de septiembre<\/strong> el departamento de idiomas llev\u00f3 a cabo varias sesiones en el centro. Os dejamos aqu\u00ed alguno de los proyectos de los alumnos de <strong>2\u00ba ESO de ingl\u00e9s y franc\u00e9s.<\/strong> Los alumnos cantaron un rap en tres idiomas para conmemorar este d\u00eda.<\/p>\n<p align=\"LEFT\" style=\"margin-bottom: 0cm; line-height: 150%;\">&nbsp;<\/p>\n<p align=\"LEFT\" style=\"margin-bottom: 0cm; line-height: 0.48cm;\">&nbsp;<\/p>\n<p align=\"LEFT\" style=\"margin-bottom: 0cm; line-height: 0.48cm;\">En el siguiente enlace podr\u00e1s conocer todo lo relativo a este d\u00eda.<\/p>\n<p align=\"LEFT\" style=\"margin-bottom: 0cm; line-height: 0.48cm;\">&nbsp;<\/p>\n<p align=\"LEFT\" style=\"margin-bottom: 0cm; line-height: 0.48cm;\"><a href=\"http:\/\/edl.ecml.at\/Home\/tabid\/1455\/language\/en-GB\/Default.aspx\"><\/a><a href=\"http:\/\/edl.ecml.at\/Home\/tabid\/1455\/language\/en-GB\/Default.aspx\">http:\/\/edl.ecml.at\/Home\/tabid\/1455\/language\/en-GB\/Default.aspx<\/a><\/p>\n<p align=\"LEFT\" style=\"margin-bottom: 0cm; line-height: 0.48cm;\">&nbsp;<\/p>\n<p align=\"LEFT\" style=\"margin-bottom: 0cm; line-height: 150%;\">(video)<\/p>\n<p align=\"LEFT\" style=\"margin-bottom: 0cm; line-height: 150%;\">&nbsp;<\/p>\n<p align=\"LEFT\" style=\"margin-bottom: 0cm; line-height: 0.48cm;\">&nbsp;<\/p>\n<p align=\"LEFT\" style=\"margin-bottom: 0cm; line-height: 150%;\">Esperamos que os haya gustado y sig\u00e1is participando de las m\u00faltiples actividades que realizaremos a lo largo del curso:<\/p>\n<p align=\"LEFT\" style=\"margin-bottom: 0cm; line-height: 150%;\">&nbsp;<\/p>\n<p align=\"LEFT\" style=\"margin-bottom: 0cm; line-height: 0.48cm;\">&nbsp;<\/p>\n<p align=\"LEFT\" style=\"margin-bottom: 0cm; line-height: 150%;\">&#8211; Logotipo del proyecto y dise\u00f1o de una camiseta.<\/p>\n<p align=\"LEFT\" style=\"margin-bottom: 0cm; line-height: 0.48cm;\">&nbsp;<\/p>\n<p align=\"LEFT\" style=\"margin-bottom: 0cm; line-height: 150%;\">&#8211; Torneo multideportivo mixto con instrucciones y clasificaciones en ingl\u00e9s.<\/p>\n<p align=\"LEFT\" style=\"margin-bottom: 0cm; line-height: 0.48cm;\">&nbsp;<\/p>\n<p align=\"LEFT\" style=\"margin-bottom: 0cm; line-height: 150%;\">&#8211; Creaci\u00f3n del himno del proyecto.<\/p>\n<p align=\"LEFT\" style=\"margin-bottom: 0cm; line-height: 0.48cm;\">&nbsp;<\/p>\n<p align=\"LEFT\" style=\"margin-bottom: 0cm; line-height: 150%;\">&#8211; Gymkana de los libros de lectura de ingl\u00e9s y franc\u00e9s.<\/p>\n<p align=\"LEFT\" style=\"margin-bottom: 0cm; line-height: 0.48cm;\">&nbsp;<\/p>\n<p align=\"LEFT\" style=\"margin-bottom: 0cm; line-height: 150%;\">&#8211; Historia teatral en ingl\u00e9s y franc\u00e9s y concurso de minirelatos en varios idiomas.<\/p>\n<p align=\"LEFT\" style=\"margin-bottom: 0cm; line-height: 0.48cm;\">&nbsp;<\/p>\n<p align=\"LEFT\" style=\"margin-bottom: 0cm; line-height: 150%;\">&#8211; Elaboraci\u00f3n de un tangram y una noria.<\/p>\n<p align=\"LEFT\" style=\"margin-bottom: 0cm; line-height: 0.48cm;\">&nbsp;<\/p>\n<p align=\"LEFT\" style=\"margin-bottom: 0cm; line-height: 150%;\">&#8211; Parafrasear en ingl\u00e9s y franc\u00e9s las ideas y tem\u00e1ticas de varios poemas.<\/p>\n<p align=\"LEFT\" style=\"margin-bottom: 0cm; line-height: 0.48cm;\">&nbsp;<\/p>\n<p align=\"LEFT\" style=\"margin-bottom: 0cm; line-height: 150%;\">&#8211; Blog educativo extraescolar coordinado por los alumnos de 4\u00ba ESO.<\/p>\n<p align=\"LEFT\" style=\"margin-bottom: 0cm; line-height: 0.48cm;\">&nbsp;<\/p>\n<p align=\"LEFT\" style=\"margin-bottom: 0cm; line-height: 150%;\">&#8211; Siembra y recolecta de productos en el huerto escolar del PROA, previa elaboraci\u00f3n de un dossier en ingl\u00e9s.<\/p>\n<p align=\"LEFT\" style=\"margin-bottom: 0cm; line-height: 0.48cm;\">&nbsp;<\/p>\n<p align=\"LEFT\" style=\"margin-bottom: 0cm; line-height: 150%;\">&#8211; Mercadillo del trueque-libro, etc<\/p>\n<p align=\"LEFT\" style=\"margin-bottom: 0cm; line-height: 150%;\">&nbsp;<\/p>\n<p align=\"LEFT\" style=\"margin-bottom: 0cm; line-height: 150%;\"><img loading=\"lazy\" class=\" size-full wp-image-228\" src=\"https:\/\/iesoreynodenavarra.educacion.navarra.es\/web1\/wp-content\/uploads\/2014\/10\/erasmus3.jpg\" alt=\"\" width=\"367\" height=\"521\" style=\"display: block; margin-left: auto; margin-right: auto;\" srcset=\"https:\/\/iesoreynodenavarra.educacion.navarra.es\/web1\/wp-content\/uploads\/2014\/10\/erasmus3.jpg 546w, https:\/\/iesoreynodenavarra.educacion.navarra.es\/web1\/wp-content\/uploads\/2014\/10\/erasmus3-211x300.jpg 211w\" sizes=\"(max-width: 367px) 100vw, 367px\" \/><\/p>\n<p>&nbsp;<\/p>\n<p align=\"LEFT\" style=\"margin-bottom: 0cm; line-height: 0.48cm;\">&nbsp;<\/p>\n<p align=\"LEFT\" style=\"margin-bottom: 0cm; line-height: 0.48cm;\">&nbsp;<\/p>\n","protected":false},"excerpt":{"rendered":"<p>&nbsp; &nbsp; A finales de Junio de 2014 le fue concedido a nuestro centro IESO Reyno de Navarra un proyecto europeo Erasmus + para la formaci\u00f3n del profesorado y alumnado durante el curso 2014\/2015. El&nbsp;Parlamento Europeo aprob\u00f3 en enero de 2014 el programa&nbsp; Erasmus&nbsp;+ para el per\u00edodo 2014-2020 en el que se incluyen movilidades internacionales. &hellip; <a href=\"https:\/\/iesoreynodenavarra.educacion.navarra.es\/web1\/blog\/erasmus\/\" class=\"more-link\">Seguir leyendo <span class=\"screen-reader-text\">erasmus+<\/span> <span class=\"meta-nav\">&rarr;<\/span><\/a><\/p>\n","protected":false},"author":2,"featured_media":226,"comment_status":"open","ping_status":"open","sticky":false,"template":"","format":"standard","meta":[],"categories":[47],"tags":[],"_links":{"self":[{"href":"https:\/\/iesoreynodenavarra.educacion.navarra.es\/web1\/wp-json\/wp\/v2\/posts\/229"}],"collection":[{"href":"https:\/\/iesoreynodenavarra.educacion.navarra.es\/web1\/wp-json\/wp\/v2\/posts"}],"about":[{"href":"https:\/\/iesoreynodenavarra.educacion.navarra.es\/web1\/wp-json\/wp\/v2\/types\/post"}],"author":[{"embeddable":true,"href":"https:\/\/iesoreynodenavarra.educacion.navarra.es\/web1\/wp-json\/wp\/v2\/users\/2"}],"replies":[{"embeddable":true,"href":"https:\/\/iesoreynodenavarra.educacion.navarra.es\/web1\/wp-json\/wp\/v2\/comments?post=229"}],"version-history":[{"count":0,"href":"https:\/\/iesoreynodenavarra.educacion.navarra.es\/web1\/wp-json\/wp\/v2\/posts\/229\/revisions"}],"wp:featuredmedia":[{"embeddable":true,"href":"https:\/\/iesoreynodenavarra.educacion.navarra.es\/web1\/wp-json\/wp\/v2\/media\/226"}],"wp:attachment":[{"href":"https:\/\/iesoreynodenavarra.educacion.navarra.es\/web1\/wp-json\/wp\/v2\/media?parent=229"}],"wp:term":[{"taxonomy":"category","embeddable":true,"href":"https:\/\/iesoreynodenavarra.educacion.navarra.es\/web1\/wp-json\/wp\/v2\/categories?post=229"},{"taxonomy":"post_tag","embeddable":true,"href":"https:\/\/iesoreynodenavarra.educacion.navarra.es\/web1\/wp-json\/wp\/v2\/tags?post=229"}],"curies":[{"name":"wp","href":"https:\/\/api.w.org\/{rel}","templated":true}]}}