{"id":223,"date":"2014-05-27T11:15:58","date_gmt":"2014-05-27T09:15:58","guid":{"rendered":"https:\/\/iesoreynodenavarra.educacion.navarra.es\/web1\/blog\/2014\/05\/27\/dia-mundial-sin-tabaco\/"},"modified":"2014-05-27T11:15:58","modified_gmt":"2014-05-27T09:15:58","slug":"dia-mundial-sin-tabaco","status":"publish","type":"post","link":"https:\/\/iesoreynodenavarra.educacion.navarra.es\/web1\/blog\/dia-mundial-sin-tabaco\/","title":{"rendered":"D\u00eda Mundial sin Tabaco"},"content":{"rendered":"<div style=\"text-align: justify;\">\n<div style=\"text-align: justify;\"><span>Nuestros compa\u00f1eros de 4\u00ba De Diversificaci\u00f3n han participado en el Concurso&nbsp;<\/span>convocado por el Instituto de Salud P\u00fablica y Laboral de Navarra, el Departamento de Educaci\u00f3n y los Colegios Profesionales de Medicina, Odontolog\u00eda, Enfermer\u00eda, Farmacia y la Asociaci\u00f3n de Medicina Familiar y Comunitaria sobre el D\u00eda Mundial sin Tabaco. Para ello realizaron un v\u00eddeo con la ayuda de su profesor Nacho Subir\u00e1n, que han titulado Smoking Dead. Este trabajo ha resultado ganador del concurso y por ello han obtenido como premio una actividad de escalada y aventura en el roc\u00f3dromo Roc\u00f3polis.<\/div>\n<\/p><\/div>\n<div style=\"text-align: justify;\"><span style=\"color: #000000;\">&nbsp;<\/span><\/div>\n<div style=\"text-align: justify;\"><span style=\"color: #000000;\">&nbsp;{youtube}wRfT0DBQlJo{\/youtube}<\/span><\/div>\n<div style=\"text-align: justify;\"><span style=\"color: #000000;\">&nbsp;<\/span><\/div>\n<div><span style=\"color: #333333; font-family: Arial, Helvetica, sans-serif; font-size: 12px; line-height: 18px; text-align: justify; background-color: #f6f6f6;\">&nbsp;<\/span><\/div>\n","protected":false},"excerpt":{"rendered":"<p>Nuestros compa\u00f1eros de 4\u00ba De Diversificaci\u00f3n han participado en el Concurso&nbsp;convocado por el Instituto de Salud P\u00fablica y Laboral de Navarra, el Departamento de Educaci\u00f3n y los Colegios Profesionales de Medicina, Odontolog\u00eda, Enfermer\u00eda, Farmacia y la Asociaci\u00f3n de Medicina Familiar y Comunitaria sobre el D\u00eda Mundial sin Tabaco. Para ello realizaron un v\u00eddeo con la &hellip; <a href=\"https:\/\/iesoreynodenavarra.educacion.navarra.es\/web1\/blog\/dia-mundial-sin-tabaco\/\" class=\"more-link\">Seguir leyendo <span class=\"screen-reader-text\">D\u00eda Mundial sin Tabaco<\/span> <span class=\"meta-nav\">&rarr;<\/span><\/a><\/p>\n","protected":false},"author":2,"featured_media":0,"comment_status":"open","ping_status":"open","sticky":false,"template":"","format":"standard","meta":[],"categories":[1],"tags":[],"_links":{"self":[{"href":"https:\/\/iesoreynodenavarra.educacion.navarra.es\/web1\/wp-json\/wp\/v2\/posts\/223"}],"collection":[{"href":"https:\/\/iesoreynodenavarra.educacion.navarra.es\/web1\/wp-json\/wp\/v2\/posts"}],"about":[{"href":"https:\/\/iesoreynodenavarra.educacion.navarra.es\/web1\/wp-json\/wp\/v2\/types\/post"}],"author":[{"embeddable":true,"href":"https:\/\/iesoreynodenavarra.educacion.navarra.es\/web1\/wp-json\/wp\/v2\/users\/2"}],"replies":[{"embeddable":true,"href":"https:\/\/iesoreynodenavarra.educacion.navarra.es\/web1\/wp-json\/wp\/v2\/comments?post=223"}],"version-history":[{"count":0,"href":"https:\/\/iesoreynodenavarra.educacion.navarra.es\/web1\/wp-json\/wp\/v2\/posts\/223\/revisions"}],"wp:attachment":[{"href":"https:\/\/iesoreynodenavarra.educacion.navarra.es\/web1\/wp-json\/wp\/v2\/media?parent=223"}],"wp:term":[{"taxonomy":"category","embeddable":true,"href":"https:\/\/iesoreynodenavarra.educacion.navarra.es\/web1\/wp-json\/wp\/v2\/categories?post=223"},{"taxonomy":"post_tag","embeddable":true,"href":"https:\/\/iesoreynodenavarra.educacion.navarra.es\/web1\/wp-json\/wp\/v2\/tags?post=223"}],"curies":[{"name":"wp","href":"https:\/\/api.w.org\/{rel}","templated":true}]}}