{"id":215,"date":"2014-04-10T11:49:57","date_gmt":"2014-04-10T09:49:57","guid":{"rendered":"https:\/\/iesoreynodenavarra.educacion.navarra.es\/web1\/blog\/2014\/04\/10\/huerto-escolar\/"},"modified":"2014-04-10T11:49:57","modified_gmt":"2014-04-10T09:49:57","slug":"huerto-escolar","status":"publish","type":"post","link":"https:\/\/iesoreynodenavarra.educacion.navarra.es\/web1\/blog\/huerto-escolar\/","title":{"rendered":"Huerto escolar"},"content":{"rendered":"<div>&nbsp;<\/div>\n<div><span style=\"font-family: 'comic sans ms', sans-serif; font-size: 12pt;\">En este curso se ha&nbsp;trasladado el invernadero que ten\u00eda el centro en otra ubicaci\u00f3n, para desarrollar el proyecto de huerto escolar con los alumnos de programa PROA.<\/span><\/div>\n<div>&nbsp;<\/div>\n<div><span style=\"font-family: 'comic sans ms', sans-serif; font-size: 12pt;\">En las siguientes fotograf\u00edas pod\u00e9is ver el trabajo que llevan a cabo estos alumnos.<\/span><\/div>\n<div>&nbsp;<\/div>\n<div><img loading=\"lazy\" class=\" size-full wp-image-213\" alt=\"\" src=\"https:\/\/iesoreynodenavarra.educacion.navarra.es\/web1\/wp-content\/uploads\/2014\/04\/huerto%20proa3.jpg\" width=\"323\" height=\"242\" \/>&nbsp; &nbsp;&nbsp;<img loading=\"lazy\" class=\" size-full wp-image-214\" alt=\"\" src=\"https:\/\/iesoreynodenavarra.educacion.navarra.es\/web1\/wp-content\/uploads\/2014\/04\/huerto%20proa4.jpg\" width=\"322\" height=\"241\" \/><\/div>\n","protected":false},"excerpt":{"rendered":"<p>&nbsp; En este curso se ha&nbsp;trasladado el invernadero que ten\u00eda el centro en otra ubicaci\u00f3n, para desarrollar el proyecto de huerto escolar con los alumnos de programa PROA. &nbsp; En las siguientes fotograf\u00edas pod\u00e9is ver el trabajo que llevan a cabo estos alumnos. &nbsp; &nbsp; &nbsp;&nbsp;<\/p>\n","protected":false},"author":2,"featured_media":213,"comment_status":"open","ping_status":"open","sticky":false,"template":"","format":"standard","meta":[],"categories":[1],"tags":[],"_links":{"self":[{"href":"https:\/\/iesoreynodenavarra.educacion.navarra.es\/web1\/wp-json\/wp\/v2\/posts\/215"}],"collection":[{"href":"https:\/\/iesoreynodenavarra.educacion.navarra.es\/web1\/wp-json\/wp\/v2\/posts"}],"about":[{"href":"https:\/\/iesoreynodenavarra.educacion.navarra.es\/web1\/wp-json\/wp\/v2\/types\/post"}],"author":[{"embeddable":true,"href":"https:\/\/iesoreynodenavarra.educacion.navarra.es\/web1\/wp-json\/wp\/v2\/users\/2"}],"replies":[{"embeddable":true,"href":"https:\/\/iesoreynodenavarra.educacion.navarra.es\/web1\/wp-json\/wp\/v2\/comments?post=215"}],"version-history":[{"count":0,"href":"https:\/\/iesoreynodenavarra.educacion.navarra.es\/web1\/wp-json\/wp\/v2\/posts\/215\/revisions"}],"wp:featuredmedia":[{"embeddable":true,"href":"https:\/\/iesoreynodenavarra.educacion.navarra.es\/web1\/wp-json\/wp\/v2\/media\/213"}],"wp:attachment":[{"href":"https:\/\/iesoreynodenavarra.educacion.navarra.es\/web1\/wp-json\/wp\/v2\/media?parent=215"}],"wp:term":[{"taxonomy":"category","embeddable":true,"href":"https:\/\/iesoreynodenavarra.educacion.navarra.es\/web1\/wp-json\/wp\/v2\/categories?post=215"},{"taxonomy":"post_tag","embeddable":true,"href":"https:\/\/iesoreynodenavarra.educacion.navarra.es\/web1\/wp-json\/wp\/v2\/tags?post=215"}],"curies":[{"name":"wp","href":"https:\/\/api.w.org\/{rel}","templated":true}]}}