{"id":212,"date":"2014-04-10T11:44:04","date_gmt":"2014-04-10T09:44:04","guid":{"rendered":"https:\/\/iesoreynodenavarra.educacion.navarra.es\/web1\/blog\/2014\/04\/10\/plantacion-del-proyecto-ecoreyno\/"},"modified":"2014-04-10T11:44:04","modified_gmt":"2014-04-10T09:44:04","slug":"plantacion-del-proyecto-ecoreyno","status":"publish","type":"post","link":"https:\/\/iesoreynodenavarra.educacion.navarra.es\/web1\/blog\/plantacion-del-proyecto-ecoreyno\/","title":{"rendered":"Plantaci\u00f3n del proyecto ECOREYNO"},"content":{"rendered":"<div><span style=\"font-family: 'comic sans ms', sans-serif; font-size: 12pt;\">Ya se ha realizado la primera plantaci\u00f3n de proyecto Ecoreyno.&nbsp;<\/span><\/div>\n<div><span style=\"font-family: 'comic sans ms', sans-serif; font-size: 12pt;\">En&nbsp;ella han participado todos los alumnos del centro.<\/span><\/div>\n<div>&nbsp;<\/div>\n<div><span style=\"font-family: 'comic sans ms', sans-serif; font-size: 12pt;\">Aqu\u00ed pod\u00e9is ver algunas fotos de la misma.<\/span><\/div>\n<div>&nbsp;<\/div>\n<div>&nbsp;<img loading=\"lazy\" class=\" size-full wp-image-210\" alt=\"\" src=\"https:\/\/iesoreynodenavarra.educacion.navarra.es\/web1\/wp-content\/uploads\/2014\/04\/huerto1.jpg\" width=\"357\" height=\"238\" srcset=\"https:\/\/iesoreynodenavarra.educacion.navarra.es\/web1\/wp-content\/uploads\/2014\/04\/huerto1.jpg 1024w, https:\/\/iesoreynodenavarra.educacion.navarra.es\/web1\/wp-content\/uploads\/2014\/04\/huerto1-300x200.jpg 300w, https:\/\/iesoreynodenavarra.educacion.navarra.es\/web1\/wp-content\/uploads\/2014\/04\/huerto1-768x512.jpg 768w\" sizes=\"(max-width: 357px) 100vw, 357px\" \/>&nbsp; &nbsp; &nbsp; &nbsp;&nbsp;<img loading=\"lazy\" class=\" size-full wp-image-211\" alt=\"\" src=\"https:\/\/iesoreynodenavarra.educacion.navarra.es\/web1\/wp-content\/uploads\/2014\/04\/huerto2.jpg\" width=\"355\" height=\"237\" srcset=\"https:\/\/iesoreynodenavarra.educacion.navarra.es\/web1\/wp-content\/uploads\/2014\/04\/huerto2.jpg 1024w, https:\/\/iesoreynodenavarra.educacion.navarra.es\/web1\/wp-content\/uploads\/2014\/04\/huerto2-300x200.jpg 300w, https:\/\/iesoreynodenavarra.educacion.navarra.es\/web1\/wp-content\/uploads\/2014\/04\/huerto2-768x512.jpg 768w\" sizes=\"(max-width: 355px) 100vw, 355px\" \/><\/div>\n","protected":false},"excerpt":{"rendered":"<p>Ya se ha realizado la primera plantaci\u00f3n de proyecto Ecoreyno.&nbsp; En&nbsp;ella han participado todos los alumnos del centro. &nbsp; Aqu\u00ed pod\u00e9is ver algunas fotos de la misma. &nbsp; &nbsp;&nbsp; &nbsp; &nbsp; &nbsp;&nbsp;<\/p>\n","protected":false},"author":2,"featured_media":210,"comment_status":"open","ping_status":"open","sticky":false,"template":"","format":"standard","meta":[],"categories":[1],"tags":[],"_links":{"self":[{"href":"https:\/\/iesoreynodenavarra.educacion.navarra.es\/web1\/wp-json\/wp\/v2\/posts\/212"}],"collection":[{"href":"https:\/\/iesoreynodenavarra.educacion.navarra.es\/web1\/wp-json\/wp\/v2\/posts"}],"about":[{"href":"https:\/\/iesoreynodenavarra.educacion.navarra.es\/web1\/wp-json\/wp\/v2\/types\/post"}],"author":[{"embeddable":true,"href":"https:\/\/iesoreynodenavarra.educacion.navarra.es\/web1\/wp-json\/wp\/v2\/users\/2"}],"replies":[{"embeddable":true,"href":"https:\/\/iesoreynodenavarra.educacion.navarra.es\/web1\/wp-json\/wp\/v2\/comments?post=212"}],"version-history":[{"count":0,"href":"https:\/\/iesoreynodenavarra.educacion.navarra.es\/web1\/wp-json\/wp\/v2\/posts\/212\/revisions"}],"wp:featuredmedia":[{"embeddable":true,"href":"https:\/\/iesoreynodenavarra.educacion.navarra.es\/web1\/wp-json\/wp\/v2\/media\/210"}],"wp:attachment":[{"href":"https:\/\/iesoreynodenavarra.educacion.navarra.es\/web1\/wp-json\/wp\/v2\/media?parent=212"}],"wp:term":[{"taxonomy":"category","embeddable":true,"href":"https:\/\/iesoreynodenavarra.educacion.navarra.es\/web1\/wp-json\/wp\/v2\/categories?post=212"},{"taxonomy":"post_tag","embeddable":true,"href":"https:\/\/iesoreynodenavarra.educacion.navarra.es\/web1\/wp-json\/wp\/v2\/tags?post=212"}],"curies":[{"name":"wp","href":"https:\/\/api.w.org\/{rel}","templated":true}]}}