{"id":1852,"date":"2024-09-23T14:13:19","date_gmt":"2024-09-23T12:13:19","guid":{"rendered":"https:\/\/iesoreynodenavarra.educacion.navarra.es\/web1\/?p=1852"},"modified":"2024-09-23T14:13:19","modified_gmt":"2024-09-23T12:13:19","slug":"escuelas-embajadoras-2","status":"publish","type":"post","link":"https:\/\/iesoreynodenavarra.educacion.navarra.es\/web1\/blog\/escuelas-embajadoras-2\/","title":{"rendered":"Escuelas Embajadoras"},"content":{"rendered":"\n<p>El IESO Reyno de Navarra contin\u00faa este a\u00f1o formando parte del Proyecto\u00a0<strong>Escuelas Embajadoras del Parlamento Europeo<\/strong>. La iniciativa, impulsada por la Direcci\u00f3n General de Comunicaci\u00f3n del Parlamento Europeo, quiere estimular el conocimiento de Europa y de la democracia parlamentaria europea entre los j\u00f3venes, d\u00e1ndoles la oportunidad de entender lo que significa la UE en la vida cotidiana y qu\u00e9 se puede hacer para lograr la Europa que se desea. Javier Garc\u00eda, profesor de ingl\u00e9s, asisti\u00f3 a las jornadas de formaci\u00f3n celebradas en Madrid entre el 18 y 20 de septiembre.<\/p>\n\n\n\n<figure class=\"wp-block-gallery has-nested-images columns-default is-cropped\">\n<figure class=\"wp-block-image size-large\"><img loading=\"lazy\" width=\"577\" height=\"1024\" data-id=\"1854\"  src=\"https:\/\/iesoreynodenavarra.educacion.navarra.es\/web1\/wp-content\/uploads\/2024\/09\/1727084286181-577x1024.jpg\" alt=\"\" class=\"wp-image-1854\" srcset=\"https:\/\/iesoreynodenavarra.educacion.navarra.es\/web1\/wp-content\/uploads\/2024\/09\/1727084286181-577x1024.jpg 577w, https:\/\/iesoreynodenavarra.educacion.navarra.es\/web1\/wp-content\/uploads\/2024\/09\/1727084286181-169x300.jpg 169w, https:\/\/iesoreynodenavarra.educacion.navarra.es\/web1\/wp-content\/uploads\/2024\/09\/1727084286181-768x1364.jpg 768w, https:\/\/iesoreynodenavarra.educacion.navarra.es\/web1\/wp-content\/uploads\/2024\/09\/1727084286181-865x1536.jpg 865w, https:\/\/iesoreynodenavarra.educacion.navarra.es\/web1\/wp-content\/uploads\/2024\/09\/1727084286181.jpg 1153w\" sizes=\"(max-width: 577px) 100vw, 577px\" \/><\/figure>\n\n\n\n<figure class=\"wp-block-image size-large\"><img loading=\"lazy\" width=\"768\" height=\"1024\" data-id=\"1853\"  src=\"https:\/\/iesoreynodenavarra.educacion.navarra.es\/web1\/wp-content\/uploads\/2024\/09\/1727084286188-768x1024.jpg\" alt=\"\" class=\"wp-image-1853\" srcset=\"https:\/\/iesoreynodenavarra.educacion.navarra.es\/web1\/wp-content\/uploads\/2024\/09\/1727084286188-768x1024.jpg 768w, https:\/\/iesoreynodenavarra.educacion.navarra.es\/web1\/wp-content\/uploads\/2024\/09\/1727084286188-225x300.jpg 225w, https:\/\/iesoreynodenavarra.educacion.navarra.es\/web1\/wp-content\/uploads\/2024\/09\/1727084286188-1152x1536.jpg 1152w, https:\/\/iesoreynodenavarra.educacion.navarra.es\/web1\/wp-content\/uploads\/2024\/09\/1727084286188-1536x2048.jpg 1536w, https:\/\/iesoreynodenavarra.educacion.navarra.es\/web1\/wp-content\/uploads\/2024\/09\/1727084286188-scaled.jpg 1920w\" sizes=\"(max-width: 768px) 100vw, 768px\" \/><\/figure>\n<\/figure>\n","protected":false},"excerpt":{"rendered":"<p>El IESO Reyno de Navarra contin\u00faa este a\u00f1o formando parte del Proyecto\u00a0Escuelas Embajadoras del Parlamento Europeo. La iniciativa, impulsada por la Direcci\u00f3n General de Comunicaci\u00f3n del Parlamento Europeo, quiere estimular el conocimiento de Europa y de la democracia parlamentaria europea entre los j\u00f3venes, d\u00e1ndoles la oportunidad de entender lo que significa la UE en la &hellip; <a href=\"https:\/\/iesoreynodenavarra.educacion.navarra.es\/web1\/blog\/escuelas-embajadoras-2\/\" class=\"more-link\">Seguir leyendo <span class=\"screen-reader-text\">Escuelas Embajadoras<\/span> <span class=\"meta-nav\">&rarr;<\/span><\/a><\/p>\n","protected":false},"author":1,"featured_media":0,"comment_status":"open","ping_status":"open","sticky":false,"template":"","format":"standard","meta":[],"categories":[1],"tags":[],"_links":{"self":[{"href":"https:\/\/iesoreynodenavarra.educacion.navarra.es\/web1\/wp-json\/wp\/v2\/posts\/1852"}],"collection":[{"href":"https:\/\/iesoreynodenavarra.educacion.navarra.es\/web1\/wp-json\/wp\/v2\/posts"}],"about":[{"href":"https:\/\/iesoreynodenavarra.educacion.navarra.es\/web1\/wp-json\/wp\/v2\/types\/post"}],"author":[{"embeddable":true,"href":"https:\/\/iesoreynodenavarra.educacion.navarra.es\/web1\/wp-json\/wp\/v2\/users\/1"}],"replies":[{"embeddable":true,"href":"https:\/\/iesoreynodenavarra.educacion.navarra.es\/web1\/wp-json\/wp\/v2\/comments?post=1852"}],"version-history":[{"count":1,"href":"https:\/\/iesoreynodenavarra.educacion.navarra.es\/web1\/wp-json\/wp\/v2\/posts\/1852\/revisions"}],"predecessor-version":[{"id":1855,"href":"https:\/\/iesoreynodenavarra.educacion.navarra.es\/web1\/wp-json\/wp\/v2\/posts\/1852\/revisions\/1855"}],"wp:attachment":[{"href":"https:\/\/iesoreynodenavarra.educacion.navarra.es\/web1\/wp-json\/wp\/v2\/media?parent=1852"}],"wp:term":[{"taxonomy":"category","embeddable":true,"href":"https:\/\/iesoreynodenavarra.educacion.navarra.es\/web1\/wp-json\/wp\/v2\/categories?post=1852"},{"taxonomy":"post_tag","embeddable":true,"href":"https:\/\/iesoreynodenavarra.educacion.navarra.es\/web1\/wp-json\/wp\/v2\/tags?post=1852"}],"curies":[{"name":"wp","href":"https:\/\/api.w.org\/{rel}","templated":true}]}}