{"id":1844,"date":"2024-05-16T10:50:21","date_gmt":"2024-05-16T08:50:21","guid":{"rendered":"https:\/\/iesoreynodenavarra.educacion.navarra.es\/web1\/?p=1844"},"modified":"2024-05-16T10:50:22","modified_gmt":"2024-05-16T08:50:22","slug":"voley","status":"publish","type":"post","link":"https:\/\/iesoreynodenavarra.educacion.navarra.es\/web1\/blog\/voley\/","title":{"rendered":"\u00a1Voley!"},"content":{"rendered":"\n<p>Durante los dos pr\u00f3ximos martes de mayo y el primero de junio, se llevar\u00e1 a cabo el \u00faltimo campeonato de los patios de loc@s, de voley.<\/p>\n\n\n\n<figure class=\"wp-block-image size-large\"><img loading=\"lazy\" width=\"724\" height=\"1024\" src=\"https:\/\/iesoreynodenavarra.educacion.navarra.es\/web1\/wp-content\/uploads\/2024\/05\/Blue-Orange-and-Yellow-Volleyball-Tournament-Poster-724x1024.jpg\" alt=\"\" class=\"wp-image-1845\" srcset=\"https:\/\/iesoreynodenavarra.educacion.navarra.es\/web1\/wp-content\/uploads\/2024\/05\/Blue-Orange-and-Yellow-Volleyball-Tournament-Poster-724x1024.jpg 724w, https:\/\/iesoreynodenavarra.educacion.navarra.es\/web1\/wp-content\/uploads\/2024\/05\/Blue-Orange-and-Yellow-Volleyball-Tournament-Poster-212x300.jpg 212w, https:\/\/iesoreynodenavarra.educacion.navarra.es\/web1\/wp-content\/uploads\/2024\/05\/Blue-Orange-and-Yellow-Volleyball-Tournament-Poster-768x1086.jpg 768w, https:\/\/iesoreynodenavarra.educacion.navarra.es\/web1\/wp-content\/uploads\/2024\/05\/Blue-Orange-and-Yellow-Volleyball-Tournament-Poster-1086x1536.jpg 1086w, https:\/\/iesoreynodenavarra.educacion.navarra.es\/web1\/wp-content\/uploads\/2024\/05\/Blue-Orange-and-Yellow-Volleyball-Tournament-Poster-1448x2048.jpg 1448w, https:\/\/iesoreynodenavarra.educacion.navarra.es\/web1\/wp-content\/uploads\/2024\/05\/Blue-Orange-and-Yellow-Volleyball-Tournament-Poster.jpg 1587w\" sizes=\"(max-width: 724px) 100vw, 724px\" \/><\/figure>\n","protected":false},"excerpt":{"rendered":"<p>Durante los dos pr\u00f3ximos martes de mayo y el primero de junio, se llevar\u00e1 a cabo el \u00faltimo campeonato de los patios de loc@s, de voley.<\/p>\n","protected":false},"author":1,"featured_media":0,"comment_status":"open","ping_status":"open","sticky":false,"template":"","format":"standard","meta":[],"categories":[1],"tags":[],"_links":{"self":[{"href":"https:\/\/iesoreynodenavarra.educacion.navarra.es\/web1\/wp-json\/wp\/v2\/posts\/1844"}],"collection":[{"href":"https:\/\/iesoreynodenavarra.educacion.navarra.es\/web1\/wp-json\/wp\/v2\/posts"}],"about":[{"href":"https:\/\/iesoreynodenavarra.educacion.navarra.es\/web1\/wp-json\/wp\/v2\/types\/post"}],"author":[{"embeddable":true,"href":"https:\/\/iesoreynodenavarra.educacion.navarra.es\/web1\/wp-json\/wp\/v2\/users\/1"}],"replies":[{"embeddable":true,"href":"https:\/\/iesoreynodenavarra.educacion.navarra.es\/web1\/wp-json\/wp\/v2\/comments?post=1844"}],"version-history":[{"count":1,"href":"https:\/\/iesoreynodenavarra.educacion.navarra.es\/web1\/wp-json\/wp\/v2\/posts\/1844\/revisions"}],"predecessor-version":[{"id":1846,"href":"https:\/\/iesoreynodenavarra.educacion.navarra.es\/web1\/wp-json\/wp\/v2\/posts\/1844\/revisions\/1846"}],"wp:attachment":[{"href":"https:\/\/iesoreynodenavarra.educacion.navarra.es\/web1\/wp-json\/wp\/v2\/media?parent=1844"}],"wp:term":[{"taxonomy":"category","embeddable":true,"href":"https:\/\/iesoreynodenavarra.educacion.navarra.es\/web1\/wp-json\/wp\/v2\/categories?post=1844"},{"taxonomy":"post_tag","embeddable":true,"href":"https:\/\/iesoreynodenavarra.educacion.navarra.es\/web1\/wp-json\/wp\/v2\/tags?post=1844"}],"curies":[{"name":"wp","href":"https:\/\/api.w.org\/{rel}","templated":true}]}}